{"id":1002,"date":"2026-04-29T13:00:06","date_gmt":"2026-04-29T15:00:06","guid":{"rendered":"https:\/\/ostatnigasiswiatlo.pl\/?p=1002"},"modified":"2026-04-29T14:17:15","modified_gmt":"2026-04-29T16:17:15","slug":"nekropolie-zaginionego-miasta-cmentarze-niemieckiego-szczecina-do-1945-roku","status":"publish","type":"post","link":"https:\/\/ostatnigasiswiatlo.pl\/?p=1002","title":{"rendered":"Nekropolie zaginionego miasta: cmentarze niemieckiego Szczecina do 1945 roku"},"content":{"rendered":"<p>Szczecin, miasto o bogatej i z\u0142o\u017conej historii, do 1945 roku znany jako niemiecki Stettin, skrywa w swojej tkance miejskiej opowie\u015b\u0107 nie tylko o \u017cyciu, ale i o \u015bmierci. Jego przedwojenne cmentarze to fascynuj\u0105cy, cho\u0107 cz\u0119sto zapomniany, rozdzia\u0142 dziej\u00f3w. By\u0142y one nie tylko miejscami poch\u00f3wku, ale tak\u017ce \u015bwiadectwem wielokulturowo\u015bci, zmian spo\u0142ecznych, pot\u0119gi gospodarczej i artystycznych ambicji dawnych mieszka\u0144c\u00f3w. Ten artyku\u0142 zabierze Pa\u0144stwa w podr\u00f3\u017c po nekropoliach dawnego Stettina, od ma\u0142ych przyko\u015bcielnych cmentarzyk\u00f3w, przez specjalistyczne nekropolie wyznaniowe i wojskowe, a\u017c po monumentalne dzie\u0142o sztuki ogrodowej \u2013 Cmentarz Centralny.<\/p>\n<h2>Od przyko\u015bcielnych cmentarzyk\u00f3w do nowoczesnego systemu nekropolii<\/h2>\n<p>Podobnie jak w wielu europejskich miastach, najstarsze miejsca poch\u00f3wku w Szczecinie znajdowa\u0142y si\u0119 w bezpo\u015brednim s\u0105siedztwie ko\u015bcio\u0142\u00f3w, w obr\u0119bie mur\u00f3w miejskich. Cmentarze przy \u015bwi\u0105tyniach takich jak \u015bw. Miko\u0142aja, Naj\u015bwi\u0119tszej Marii Panny, \u015bw. Piotra i Paw\u0142a oraz \u015bw. Jakuba przez wieki s\u0142u\u017cy\u0142y mieszka\u0144com. Jednak wraz z nadej\u015bciem epoki O\u015bwiecenia, rosn\u0105c\u0105 \u015bwiadomo\u015bci\u0105 higieniczn\u0105 oraz gwa\u0142townym rozwojem urbanistycznym miasta, ten system sta\u0142 si\u0119 niewystarczaj\u0105cy i problematyczny.<\/p>\n<p>Na prze\u0142omie XVIII i XIX wieku, ze wzgl\u0119du na przepe\u0142nienie i obawy sanitarne, w\u0142adze pruskie zacz\u0119\u0142y zakazywa\u0107 poch\u00f3wk\u00f3w wewn\u0105trz mur\u00f3w miejskich. Rozpocz\u0105\u0142 si\u0119 proces stopniowej likwidacji starych nekropolii. Z czasem przekszta\u0142cono je w place publiczne i tereny zielone, zacieraj\u0105c \u015blady po dawnych grobach. Konieczno\u015b\u0107 stworzenia nowych miejsc poch\u00f3wku poza g\u0119st\u0105 zabudow\u0105 sta\u0142a si\u0119 impulsem do zaprojektowania i za\u0142o\u017cenia ca\u0142ego systemu cmentarzy, kt\u00f3re rozlokowano na \u00f3wczesnych przedmie\u015bciach. Do 1945 roku w Szczecinie i jego okolicach istnia\u0142o \u0142\u0105cznie 89 cmentarzy, z czego a\u017c 58 powsta\u0142o w latach 1800-1930.<\/p>\n<h2>Przegl\u0105d nekropolii dawnego Szczecina<\/h2>\n<p>System cmentarny niemieckiego Stettina by\u0142 zr\u00f3\u017cnicowany i odzwierciedla\u0142 struktur\u0119 spo\u0142eczn\u0105 oraz wyznaniow\u0105 miasta. Obok cmentarzy komunalnych (miejskich) funkcjonowa\u0142y nekropolie ewangelickie (lutera\u0144skie), reformowane (francuskie), baptystyczne, katolickie, \u017cydowskie, a tak\u017ce wojskowe i szpitalne.<\/p>\n<h3>Cmentarze na terenie Grabowa (Grabow)<\/h3>\n<ul>\n<li><strong>Cmentarz Lutera\u0144ski (Lutherischer Friedhof):<\/strong> Za\u0142o\u017cony w 1802 roku na p\u00f3\u0142noc od Bramy Kr\u00f3lewskiej, s\u0142u\u017cy\u0142 mieszka\u0144com do 1865 roku. Stopniowo ograniczany, ostatecznie do 1910 roku zosta\u0142 przekszta\u0142cony w park miejski, znany dzi\u015b jako Park im. Stefana \u017beromskiego.<\/li>\n<li><strong>Cmentarz Garnizonowy (Neuer Milit\u00e4r Kirchof):<\/strong> Otwarty w 1846 roku w rejonie dzisiejszej ulicy Miko\u0142aja Kopernika. Zosta\u0142 zamkni\u0119ty jeszcze przed 1939 rokiem, a jego teren pe\u0142ni obecnie funkcj\u0119 skweru.<\/li>\n<li><strong>Cmentarz Komunalny (Grabower Friedhof):<\/strong> Powsta\u0142 w 1846 roku w pobli\u017cu ul. Malczewskiego. Dzi\u015b na jego miejscu znajduje si\u0119 park publiczny.<\/li>\n<\/ul>\n<h3>Cmentarze na terenie Niemierzyna (Nemitz)<\/h3>\n<ul>\n<li><strong>Nowy Cmentarz Grabowski (Neuer Grabower Friedhof):<\/strong> Za\u0142o\u017cony w 1820 roku przy ul. S\u0142owackiego, z poch\u00f3wkami odbywaj\u0105cymi si\u0119 a\u017c do 1945 roku. Po wojnie przekszta\u0142cony w park miejski.<\/li>\n<li><strong>Cmentarz Niemierzy\u0144ski (Nemitzer Friedhof):<\/strong> Otwarty w 1868 roku przy ul. Niemierzy\u0144skiej. W latach 1945-1946 odbywa\u0142y si\u0119 na nim jeszcze polskie poch\u00f3wki, by w 1974 roku sta\u0107 si\u0119 Ogrodem Dendrologicznym im. Stefana Kownasa.<\/li>\n<li><strong>Cmentarz Szpitalny:<\/strong> Powsta\u0142y w 1866 roku przy ul. Broniewskiego, by\u0142 powi\u0105zany z pobliskim zak\u0142adem psychiatrycznym. W 1980 roku jego teren zamieniono na park.<\/li>\n<\/ul>\n<h3>Cmentarze na terenie Pogodna (Braunsfelde\/Torney)<\/h3>\n<ul>\n<li><strong>Cmentarz \u017bydowski (J\u00fcdischer Friedhof):<\/strong> Za\u0142o\u017cony w 1821 roku przy dzisiejszej ul. Ojca Bejzyma. By\u0142 u\u017cywany przez gmin\u0119 \u017cydowsk\u0105 a\u017c do 1962 roku. Niestety, uleg\u0142 znacznej dewastacji. W 1982 roku przeprowadzono ekshumacj\u0119 szcz\u0105tk\u00f3w i przeniesiono je do kwatery \u017cydowskiej na Cmentarzu Centralnym.<\/li>\n<li><strong>Cmentarz Francuskich Je\u0144c\u00f3w Wojennych (Franz\u00f6sischer Friedhof):<\/strong> Utworzony w 1870 roku w rejonie ulic Litewskiej i Zawadzkiego dla francuskich je\u0144c\u00f3w z wojny francusko-pruskiej.<\/li>\n<li><strong>Cmentarz Szpitalny &#8222;Bethanien&#8221; (Diakonissen Friedhof und Krankenhaus &#8222;Bethanien&#8221;):<\/strong> Za\u0142o\u017cony w 1891 roku przy ul. Wawrzyniaka, stanowi\u0142 cz\u0119\u015b\u0107 kompleksu szpitalnego.<\/li>\n<\/ul>\n<h2>Per\u0142a w koronie: Cmentarz Centralny (Zentralfriedhof)<\/h2>\n<p>Najwa\u017cniejsz\u0105 i najbardziej imponuj\u0105c\u0105 nekropoli\u0105 przedwojennego Szczecina jest bez w\u0105tpienia Cmentarz Centralny, do 1945 roku znany jako Hauptfriedhof (Cmentarz G\u0142\u00f3wny). Jego powstanie by\u0142o odpowiedzi\u0105 na wyczerpanie si\u0119 miejsc na dotychczasowych cmentarzach oraz na nowe mo\u017cliwo\u015bci, jakie otworzy\u0142y si\u0119 przed miastem po zniesieniu statusu twierdzy w 1873 roku.<\/p>\n<h3>Geneza i projekt monumentalnej nekropolii<\/h3>\n<p>Oficjalne otwarcie cmentarza nast\u0105pi\u0142o 6 grudnia 1901 roku. Projektanci czerpali inspiracj\u0119 z najwi\u0119kszych i najnowocze\u015bniejszych nekropolii Europy, takich jak cmentarz Ohlsdorf w Hamburgu czy Zentralfriedhof w Wiedniu. G\u0142\u00f3wnym architektem, odpowiedzialnym za projekt monumentalnej bramy, kaplicy i budynk\u00f3w administracyjnych, by\u0142 Wilhelm Meyer-Schwartau, wybitny szczeci\u0144ski budowniczy. Z kolei za rewolucyjn\u0105, parkow\u0105 koncepcj\u0119 uk\u0142adu zieleni odpowiada\u0142 Georg Hannig, kt\u00f3ry zosta\u0142 r\u00f3wnie\u017c pierwszym dyrektorem cmentarza i pe\u0142ni\u0142 t\u0119 funkcj\u0119 a\u017c do 1928 roku.<\/p>\n<p>Ich wizja zak\u0142ada\u0142a stworzenie nie tylko miejsca poch\u00f3wku, ale &#8222;parku-pomnika&#8221;, harmonijnie wkomponowanego w naturalny krajobraz. Zrezygnowano z g\u0119stej, rz\u0119dowej zabudowy grob\u00f3w na rzecz malowniczych, wij\u0105cych si\u0119 alejek, rozleg\u0142ych trawnik\u00f3w i enklaw zr\u00f3\u017cnicowanej ro\u015blinno\u015bci. Na terenie cmentarza posadzono ponad 400 gatunk\u00f3w drzew i krzew\u00f3w, co nada\u0142o mu charakter ogrodu botanicznego.<\/p>\n<h3>Architektura i rozw\u00f3j<\/h3>\n<ul>\n<li><strong>Skala:<\/strong> Pocz\u0105tkowo cmentarz zajmowa\u0142 64 hektary. Na skutek kolejnych rozszerze\u0144, do 1943 roku jego powierzchnia wzros\u0142a do imponuj\u0105cych 139,5 hektara, co czyni\u0142o go trzeci\u0105 co do wielko\u015bci nekropoli\u0105 w Europie.<\/li>\n<li><strong>Brama g\u0142\u00f3wna i kaplica:<\/strong> Neoroma\u0144ski kompleks bramny i przylegaj\u0105ca do niego kaplica g\u0142\u00f3wna, zaprojektowane przez Meyer-Schwartaua, stanowi\u0142y wizyt\u00f3wk\u0119 cmentarza. G\u0142\u00f3wna brama zosta\u0142a zniszczona podczas nalotu w 1941 roku, a jej odbudowa mia\u0142a miejsce w latach 1959-1963. Kaplica, cho\u0107 przetrwa\u0142a wojn\u0119, sp\u0142on\u0119\u0142a w 1981 roku. Odbudowano j\u0105 i przywr\u00f3cono do funkcji sakralnych w 1994 roku.<\/li>\n<li><strong>Krematorium i druga kaplica:<\/strong> W 1925 roku do tylnej cz\u0119\u015bci kaplicy g\u0142\u00f3wnej dobudowano krematorium, co \u015bwiadczy\u0142o o nowoczesnym podej\u015bciu w\u0142adz miasta do praktyk pogrzebowych. W latach 1928-1930, w nowszej, zachodniej cz\u0119\u015bci cmentarza wzniesiono drug\u0105 kaplic\u0119 w stylu modernistycznym. Niestety, zosta\u0142a ona zniszczona podczas bombardowania w 1943 roku, a jej ruiny rozebrano ostatecznie w 1984 roku.<\/li>\n<\/ul>\n<p>Do 1940 roku na Cmentarzu Centralnym pochowano ponad 117 000 os\u00f3b. Liczba ta drastycznie wzros\u0142a w czasie II wojny \u015bwiatowej z powodu ofiar alianckich nalot\u00f3w bombowych na miasto.<\/p>\n<h2>Znacz\u0105ce groby i pomniki epoki niemieckiej<\/h2>\n<p>Cmentarze Stettina, a w szczeg\u00f3lno\u015bci Cmentarz Centralny, by\u0142y miejscem spoczynku wielu wybitnych postaci, kt\u00f3re kszta\u0142towa\u0142y histori\u0119 i wizerunek miasta. Chocia\u017c wiele nagrobk\u00f3w nie przetrwa\u0142o wojennej po\u017cogi i powojennych zniszcze\u0144, pami\u0119\u0107 o nich jest wci\u0105\u017c \u017cywa.<\/p>\n<ul>\n<li><strong>Hermann Haken (1828-1916):<\/strong> Nadburmistrz Szczecina w latach 1878-1907, wizjoner, za kt\u00f3rego rz\u0105d\u00f3w miasto prze\u017cywa\u0142o okres dynamicznego rozwoju. Jego imieniem nazwano s\u0142ynne tarasy widokowe (dzi\u015b Wa\u0142y Chrobrego). Jego gr\u00f3b znajduje si\u0119 na Cmentarzu Centralnym.<\/li>\n<li><strong>Bernhard Stoewer (1831-1908):<\/strong> Przemys\u0142owiec, za\u0142o\u017cyciel s\u0142ynnych zak\u0142ad\u00f3w produkuj\u0105cych maszyny do szycia, maszyny do pisania, rowery, a przede wszystkim automobile marki Stoewer. Imponuj\u0105cy rodzinny grobowiec w formie skalnej formacji jest jednym z charakterystycznych punkt\u00f3w cmentarza.<\/li>\n<li><strong>Wilhelm Meyer-Schwartau (1854-1935):<\/strong> Architekt i miejski radca budowlany, wsp\u00f3\u0142tw\u00f3rca wygl\u0105du reprezentacyjnej cz\u0119\u015bci miasta (m.in. Wa\u0142\u00f3w Chrobrego) oraz projektant Cmentarza Centralnego, na kt\u00f3rym sam zosta\u0142 pochowany.<\/li>\n<li><strong>Georg Hannig (1872-1934):<\/strong> Pierwszy dyrektor i projektant krajobrazu Cmentarza Centralnego. Jego wiedza i pasja ogrodnicza nada\u0142y nekropolii unikalny, parkowy charakter.<\/li>\n<li><strong>Hugo Lemcke (1835-1925):<\/strong> Wybitny historyk Pomorza, kt\u00f3rego gr\u00f3b r\u00f3wnie\u017c znajdowa\u0142 si\u0119 na Cmentarzu Centralnym.<\/li>\n<\/ul>\n<p>Poza grobami indywidualnymi, na cmentarzu wzniesiono pomniki upami\u0119tniaj\u0105ce wa\u017cne wydarzenia. Znajdowa\u0142 si\u0119 tam m.in. krzy\u017c po\u015bwi\u0119cony poleg\u0142ym w wojnie francusko-pruskiej (1870-1871) oraz kamie\u0144 ku czci marynarzy z kr\u0105\u017cownika &#8222;Augsburg&#8221;, kt\u00f3ry zaton\u0105\u0142 w 1915 roku.<\/p>\n<p>Wsp\u00f3\u0142cze\u015bnie, aby ocali\u0107 dziedzictwo dawnych mieszka\u0144c\u00f3w, za kaplic\u0105 g\u0142\u00f3wn\u0105 utworzono <strong>Lapidarium<\/strong>. Gromadzi ono ocala\u0142e p\u0142yty nagrobne i rze\u017aby z terenu ca\u0142ego cmentarza, stanowi\u0105c poruszaj\u0105ce \u015bwiadectwo niemieckiej przesz\u0142o\u015bci nekropolii.<\/p>\n<h2>Wp\u0142yw wojen i koniec epoki<\/h2>\n<p>Obie wojny \u015bwiatowe odcisn\u0119\u0142y g\u0142\u0119bokie pi\u0119tno na szczeci\u0144skich cmentarzach. I wojna \u015bwiatowa przynios\u0142a poch\u00f3wki \u017co\u0142nierzy zmar\u0142ych w lazaretach, kt\u00f3rzy spocz\u0119li w wydzielonych kwaterach wojskowych na cmentarzach komunalnych i garnizonowych.<\/p>\n<p>Jednak to II wojna \u015bwiatowa okaza\u0142a si\u0119 kataklizmem. Alianckie naloty dywanowe z lat 1943-1944 spowodowa\u0142y ogromne zniszczenia w infrastrukturze cmentarnej (zniszczenie modernistycznej kaplicy i bramy g\u0142\u00f3wnej na Cmentarzu Centralnym) i doprowadzi\u0142y do gwa\u0142townego wzrostu liczby poch\u00f3wk\u00f3w. Masowe groby ofiar bombardowa\u0144 sta\u0142y si\u0119 tragicznym elementem krajobrazu nekropolii.<\/p>\n<p>Rok 1945 przyni\u00f3s\u0142 kres niemieckiej historii miasta. Zmiana granic, wysiedlenie ludno\u015bci niemieckiej i nap\u0142yw polskich osadnik\u00f3w ca\u0142kowicie odmieni\u0142y charakter Szczecina. Wiele dawnych, mniejszych cmentarzy zosta\u0142o w kolejnych dekadach zlikwidowanych, zapomnianych lub przekszta\u0142conych w parki i skwery. Ich materialne \u015blady niemal ca\u0142kowicie znikn\u0119\u0142y z mapy miasta.<\/p>\n<h2>Dziedzictwo utracone i ocalone<\/h2>\n<p>Historia cmentarzy niemieckiego Szczecina to opowie\u015b\u0107 o stracie, ale tak\u017ce o przetrwaniu. Podczas gdy dziesi\u0105tki mniejszych nekropolii bezpowrotnie znikn\u0119\u0142y pod warstwami nowej, polskiej rzeczywisto\u015bci, ich najwi\u0119kszy i najwspanialszy przedstawiciel \u2013 Cmentarz Centralny \u2013 ocala\u0142. Uznany za zabytek i otoczony opiek\u0105, dzi\u015b jest nie tylko najwi\u0119kszym cmentarzem w Polsce, ale tak\u017ce unikalnym na skal\u0119 europejsk\u0105 parkiem, historycznym lapidarium i miejscem pami\u0119ci o wielow\u0105tkowej przesz\u0142o\u015bci miasta. Spaceruj\u0105c jego alejami, wci\u0105\u017c mo\u017cna odnale\u017a\u0107 echa dawnego Stettina \u2013 w majestatycznych drzewach posadzonych przez Georga Hanniga, w liniach architektonicznych kaplicy Wilhelma Meyera-Schwartaua i w nielicznych ocala\u0142ych nagrobkach, kt\u00f3re cicho opowiadaj\u0105 histori\u0119 zaginionego miasta i jego mieszka\u0144c\u00f3w.<\/p>\n","protected":false},"excerpt":{"rendered":"<p>Szczecin, miasto o bogatej i z\u0142o\u017conej historii, do 1945 roku znany jako niemiecki Stettin, skrywa w swojej tkance miejskiej opowie\u015b\u0107 nie tylko o \u017cyciu, ale i o \u015bmierci. Jego przedwojenne cmentarze to fascynuj\u0105cy, cho\u0107 cz\u0119sto zapomniany, rozdzia\u0142 dziej\u00f3w. By\u0142y one nie tylko miejscami poch\u00f3wku, ale tak\u017ce \u015bwiadectwem wielokulturowo\u015bci, zmian spo\u0142ecznych, pot\u0119gi gospodarczej i artystycznych ambicji [&hellip;]<\/p>\n","protected":false},"author":2,"featured_media":1003,"comment_status":"open","ping_status":"closed","sticky":false,"template":"","format":"standard","meta":{"two_page_speed":[],"footnotes":"","_links_to":"","_links_to_target":""},"categories":[11],"tags":[],"class_list":["post-1002","post","type-post","status-publish","format-standard","has-post-thumbnail","hentry","category-szczecin"],"_links":{"self":[{"href":"https:\/\/ostatnigasiswiatlo.pl\/index.php?rest_route=\/wp\/v2\/posts\/1002","targetHints":{"allow":["GET"]}}],"collection":[{"href":"https:\/\/ostatnigasiswiatlo.pl\/index.php?rest_route=\/wp\/v2\/posts"}],"about":[{"href":"https:\/\/ostatnigasiswiatlo.pl\/index.php?rest_route=\/wp\/v2\/types\/post"}],"author":[{"embeddable":true,"href":"https:\/\/ostatnigasiswiatlo.pl\/index.php?rest_route=\/wp\/v2\/users\/2"}],"replies":[{"embeddable":true,"href":"https:\/\/ostatnigasiswiatlo.pl\/index.php?rest_route=%2Fwp%2Fv2%2Fcomments&post=1002"}],"version-history":[{"count":3,"href":"https:\/\/ostatnigasiswiatlo.pl\/index.php?rest_route=\/wp\/v2\/posts\/1002\/revisions"}],"predecessor-version":[{"id":1006,"href":"https:\/\/ostatnigasiswiatlo.pl\/index.php?rest_route=\/wp\/v2\/posts\/1002\/revisions\/1006"}],"wp:featuredmedia":[{"embeddable":true,"href":"https:\/\/ostatnigasiswiatlo.pl\/index.php?rest_route=\/wp\/v2\/media\/1003"}],"wp:attachment":[{"href":"https:\/\/ostatnigasiswiatlo.pl\/index.php?rest_route=%2Fwp%2Fv2%2Fmedia&parent=1002"}],"wp:term":[{"taxonomy":"category","embeddable":true,"href":"https:\/\/ostatnigasiswiatlo.pl\/index.php?rest_route=%2Fwp%2Fv2%2Fcategories&post=1002"},{"taxonomy":"post_tag","embeddable":true,"href":"https:\/\/ostatnigasiswiatlo.pl\/index.php?rest_route=%2Fwp%2Fv2%2Ftags&post=1002"}],"curies":[{"name":"wp","href":"https:\/\/api.w.org\/{rel}","templated":true}]}}