{"id":333,"date":"2025-05-03T17:08:04","date_gmt":"2025-05-03T19:08:04","guid":{"rendered":"https:\/\/ostatnigasiswiatlo.pl\/?p=333"},"modified":"2025-05-03T17:08:04","modified_gmt":"2025-05-03T19:08:04","slug":"ile-naprawde-trzeba-czasu-zeby-pociag-dojechal-do-polic","status":"publish","type":"post","link":"https:\/\/ostatnigasiswiatlo.pl\/?p=333","title":{"rendered":"Ile naprawd\u0119 trzeba czasu, \u017ceby poci\u0105g dojecha\u0142 do Polic?"},"content":{"rendered":"<div id=\"attachment_334\" style=\"width: 310px\" class=\"wp-caption alignleft\"><a href=\"https:\/\/ostatnigasiswiatlo.pl\/wp-content\/uploads\/2025\/05\/920x560-kopia3.jpg\"><img loading=\"lazy\" decoding=\"async\" aria-describedby=\"caption-attachment-334\" class=\"size-medium wp-image-334\" src=\"https:\/\/ostatnigasiswiatlo.pl\/wp-content\/uploads\/2025\/05\/920x560-kopia3-300x183.jpg\" alt=\"Police\" width=\"300\" height=\"183\" srcset=\"https:\/\/ostatnigasiswiatlo.pl\/wp-content\/uploads\/2025\/05\/920x560-kopia3-300x183.jpg 300w, https:\/\/ostatnigasiswiatlo.pl\/wp-content\/uploads\/2025\/05\/920x560-kopia3-600x365.jpg 600w, https:\/\/ostatnigasiswiatlo.pl\/wp-content\/uploads\/2025\/05\/920x560-kopia3-768x467.jpg 768w, https:\/\/ostatnigasiswiatlo.pl\/wp-content\/uploads\/2025\/05\/920x560-kopia3.jpg 920w\" sizes=\"auto, (max-width: 300px) 100vw, 300px\" \/><\/a><p id=\"caption-attachment-334\" class=\"wp-caption-text\">Police<\/p><\/div>\n<p class=\"\" data-start=\"249\" data-end=\"603\">To ju\u017c pewne: zn\u00f3w czeka nas <strong data-start=\"278\" data-end=\"313\">zmiana terminu zako\u0144czenia prac<\/strong> przy modernizacji linii kolejowej Szczecin\u2013Police.<br data-start=\"364\" data-end=\"367\" \/>Cho\u0107 wiele os\u00f3b liczy\u0142o, \u017ce ten rok przyniesie prze\u0142om, wygl\u0105da na to, \u017ce <strong data-start=\"441\" data-end=\"477\">Szczeci\u0144ska Kolej Metropolitalna<\/strong> znowu z\u0142apie po\u015blizg. Nowe terminy mamy pozna\u0107 jeszcze w maju.<br data-start=\"540\" data-end=\"543\" \/>Czy to ju\u017c tradycja, czy wci\u0105\u017c \u201etylko\u201d tymczasowe trudno\u015bci?<\/p>\n<p class=\"\" data-start=\"605\" data-end=\"734\">Wielka inwestycja, kt\u00f3ra mia\u0142a by\u0107 symbolem nowoczesnej komunikacji, coraz cz\u0119\u015bciej staje si\u0119 symbolem&#8230; cierpliwo\u015bci pasa\u017cer\u00f3w.<\/p>\n<p class=\"\" data-start=\"736\" data-end=\"768\">\ud83d\ude86 SKM \u2014 kiedy wreszcie ruszymy?<\/p>\n<p class=\"\" data-start=\"770\" data-end=\"848\">#Szczecin #Police #SKM #KolejMetropolitalna #ZnowuOp\u00f3\u017anienie #PomorzeZachodnie<\/p>\n","protected":false},"excerpt":{"rendered":"<p>To ju\u017c pewne: zn\u00f3w czeka nas zmiana terminu zako\u0144czenia prac przy modernizacji linii kolejowej Szczecin\u2013Police.Cho\u0107 wiele os\u00f3b liczy\u0142o, \u017ce ten rok przyniesie prze\u0142om, wygl\u0105da na to, \u017ce Szczeci\u0144ska Kolej Metropolitalna znowu z\u0142apie po\u015blizg. Nowe terminy mamy pozna\u0107 jeszcze w maju.Czy to ju\u017c tradycja, czy wci\u0105\u017c \u201etylko\u201d tymczasowe trudno\u015bci? Wielka inwestycja, kt\u00f3ra mia\u0142a by\u0107 symbolem nowoczesnej [&hellip;]<\/p>\n","protected":false},"author":1,"featured_media":334,"comment_status":"open","ping_status":"closed","sticky":false,"template":"","format":"standard","meta":{"two_page_speed":[],"footnotes":"","_links_to":"","_links_to_target":""},"categories":[20],"tags":[115],"class_list":["post-333","post","type-post","status-publish","format-standard","has-post-thumbnail","hentry","category-przeglad-prasy","tag-szczecin-police-skm-kolejmetropolitalna-znowuopoznienie-pomorzezachodnie"],"_links":{"self":[{"href":"https:\/\/ostatnigasiswiatlo.pl\/index.php?rest_route=\/wp\/v2\/posts\/333","targetHints":{"allow":["GET"]}}],"collection":[{"href":"https:\/\/ostatnigasiswiatlo.pl\/index.php?rest_route=\/wp\/v2\/posts"}],"about":[{"href":"https:\/\/ostatnigasiswiatlo.pl\/index.php?rest_route=\/wp\/v2\/types\/post"}],"author":[{"embeddable":true,"href":"https:\/\/ostatnigasiswiatlo.pl\/index.php?rest_route=\/wp\/v2\/users\/1"}],"replies":[{"embeddable":true,"href":"https:\/\/ostatnigasiswiatlo.pl\/index.php?rest_route=%2Fwp%2Fv2%2Fcomments&post=333"}],"version-history":[{"count":1,"href":"https:\/\/ostatnigasiswiatlo.pl\/index.php?rest_route=\/wp\/v2\/posts\/333\/revisions"}],"predecessor-version":[{"id":335,"href":"https:\/\/ostatnigasiswiatlo.pl\/index.php?rest_route=\/wp\/v2\/posts\/333\/revisions\/335"}],"wp:featuredmedia":[{"embeddable":true,"href":"https:\/\/ostatnigasiswiatlo.pl\/index.php?rest_route=\/wp\/v2\/media\/334"}],"wp:attachment":[{"href":"https:\/\/ostatnigasiswiatlo.pl\/index.php?rest_route=%2Fwp%2Fv2%2Fmedia&parent=333"}],"wp:term":[{"taxonomy":"category","embeddable":true,"href":"https:\/\/ostatnigasiswiatlo.pl\/index.php?rest_route=%2Fwp%2Fv2%2Fcategories&post=333"},{"taxonomy":"post_tag","embeddable":true,"href":"https:\/\/ostatnigasiswiatlo.pl\/index.php?rest_route=%2Fwp%2Fv2%2Ftags&post=333"}],"curies":[{"name":"wp","href":"https:\/\/api.w.org\/{rel}","templated":true}]}}