{"id":766,"date":"2026-03-07T06:35:05","date_gmt":"2026-03-07T08:35:05","guid":{"rendered":"https:\/\/ostatnigasiswiatlo.pl\/?p=766"},"modified":"2026-03-07T08:47:04","modified_gmt":"2026-03-07T10:47:04","slug":"architektoniczna-przyszlosc-szczecina-miedzy-wizja-a-deweloperska-rzeczywistoscia","status":"publish","type":"post","link":"https:\/\/ostatnigasiswiatlo.pl\/?p=766","title":{"rendered":"Architektoniczna przysz\u0142o\u015b\u0107 Szczecina: mi\u0119dzy wizj\u0105 a dewelopersk\u0105 rzeczywisto\u015bci\u0105"},"content":{"rendered":"<p data-start=\"124\" data-end=\"763\">Szczecin stoi u progu dekady zdefiniowanej przez bezprecedensowe zmiany w jego tkance miejskiej. Miasto, z now\u0105 strategi\u0105 rozwoju si\u0119gaj\u0105c\u0105 2035 roku, inwestuje w spektakularne projekty kulturalne, modernizuje kluczow\u0105 infrastruktur\u0119 i prze\u017cywa boom na rynku mieszkaniowym. Jednak najwi\u0119ksze emocje i debaty budzi transformacja nabrze\u017cy Odry. Czy ambitne plany stworzenia \u201enowego serca miasta\u201d na \u0141asztowni i K\u0119pie Parnickiej spe\u0142ni\u0105 oczekiwania mieszka\u0144c\u00f3w, czy te\u017c stan\u0105 si\u0119 przestrog\u0105 przed chaotycznym, deweloperskim rozwojem? Analizujemy kluczowe kierunki, kt\u00f3re zdefiniuj\u0105 architektoniczny krajobraz Szczecina w nadchodz\u0105cych latach.<\/p>\n<h2 data-section-id=\"12rbhog\" data-start=\"765\" data-end=\"812\">Strategiczny horyzont: Wizja \u201eSzczecin 2035\u201d<\/h2>\n<p data-start=\"814\" data-end=\"1064\">Fundamentem dla przysz\u0142ych przekszta\u0142ce\u0144 jest przyj\u0119ta w listopadzie 2025 roku \u201eStrategia Rozwoju Szczecina 2035\u201d. Ten nadrz\u0119dny dokument integruje polityk\u0119 przestrzenn\u0105 z rozwojow\u0105, wyznaczaj\u0105c cztery kluczowe wymiary, kt\u00f3re maj\u0105 kszta\u0142towa\u0107 miasto:<\/p>\n<ul data-start=\"1066\" data-end=\"1781\">\n<li data-section-id=\"ddzsrw\" data-start=\"1066\" data-end=\"1226\">\n<p data-start=\"1068\" data-end=\"1226\"><strong data-start=\"1068\" data-end=\"1089\">Wymiar spo\u0142eczny:<\/strong> Budowa miasta bezpiecznego, inkluzywnego, o wysokiej jako\u015bci \u017cycia, kt\u00f3re wspiera kapita\u0142 spo\u0142eczny i d\u0105\u017cy do wzrostu demograficznego.<\/p>\n<\/li>\n<li data-section-id=\"j1stxw\" data-start=\"1227\" data-end=\"1420\">\n<p data-start=\"1229\" data-end=\"1420\"><strong data-start=\"1229\" data-end=\"1252\">Wymiar gospodarczy:<\/strong> Pozycjonowanie Szczecina jako metropolitalnego centrum, kt\u00f3re wykorzystuje sw\u00f3j potencja\u0142 w gospodarce morskiej (w tym offshore), logistyce i sektorze czasu wolnego.<\/p>\n<\/li>\n<li data-section-id=\"1vtkxl4\" data-start=\"1421\" data-end=\"1588\">\n<p data-start=\"1423\" data-end=\"1588\"><strong data-start=\"1423\" data-end=\"1447\">Wymiar przestrzenny:<\/strong> Zapewnienie harmonijnego i sp\u00f3jnego rozwoju, tworzenie zr\u00f3wnowa\u017conego systemu mobilno\u015bci oraz podnoszenie jako\u015bci przestrzeni publicznych.<\/p>\n<\/li>\n<li data-section-id=\"xb6g1s\" data-start=\"1589\" data-end=\"1781\">\n<p data-start=\"1591\" data-end=\"1781\"><strong data-start=\"1591\" data-end=\"1627\">Wymiar klimatyczno-\u015brodowiskowy:<\/strong> D\u0105\u017cenie do modelu \u201eb\u0142\u0119kitno-zielonego miasta\u201d, odpornego na zmiany klimatu, chroni\u0105cego zasoby naturalne i d\u0105\u017c\u0105cego do samowystarczalno\u015bci energetycznej.<\/p>\n<\/li>\n<\/ul>\n<p data-start=\"1783\" data-end=\"1997\">Strategia ta, sp\u00f3jna z wizj\u0105 \u201eFloating Garden 2050\u201d, stanowi oficjalne ramy dla wszystkich podejmowanych inwestycji, k\u0142ad\u0105c nacisk na zr\u00f3wnowa\u017cony rozw\u00f3j i synergi\u0119 w ramach Szczeci\u0144skiego Obszaru Metropolitalnego.<\/p>\n<h2 data-section-id=\"li9oex\" data-start=\"1999\" data-end=\"2051\">Transformacja nabrze\u017cy: Bitwa o dusz\u0119 waterfrontu<\/h2>\n<p data-start=\"2053\" data-end=\"2337\">Najbardziej dynamiczne i zarazem kontrowersyjne zmiany zachodz\u0105 na wyspach \u015ar\u00f3dodrza \u2013 \u0141asztowni i K\u0119pie Parnickiej. Wizja przekszta\u0142cenia postindustrialnych teren\u00f3w w t\u0119tni\u0105c\u0105 \u017cyciem, nowoczesn\u0105 dzielnic\u0119 zderza si\u0119 z krytyk\u0105 dotycz\u0105c\u0105 braku sp\u00f3jno\u015bci i nadmiernej g\u0119sto\u015bci zabudowy.<\/p>\n<h3 data-section-id=\"11xk4jo\" data-start=\"2339\" data-end=\"2370\">Kluczowe projekty w budowie<\/h3>\n<p data-start=\"2372\" data-end=\"2481\">Na obu brzegach Odry powstaj\u0105 tysi\u0105ce nowych mieszka\u0144 i lokali us\u0142ugowych. Do najwi\u0119kszych inwestycji nale\u017c\u0105:<\/p>\n<ul data-start=\"2483\" data-end=\"3086\">\n<li data-section-id=\"1wckir2\" data-start=\"2483\" data-end=\"2608\">\n<p data-start=\"2485\" data-end=\"2608\"><strong data-start=\"2485\" data-end=\"2530\">Apartamenty nad Odr\u0105 (J.W. Construction):<\/strong> Kompleks ponad 400 mieszka\u0144 i lokali komercyjnych w pobli\u017cu Mostu D\u0142ugiego.<\/p>\n<\/li>\n<li data-section-id=\"acup8m\" data-start=\"2609\" data-end=\"2849\">\n<p data-start=\"2611\" data-end=\"2849\"><strong data-start=\"2611\" data-end=\"2656\">Inwestycja Siemaszko na K\u0119pie Parnickiej:<\/strong> Oko\u0142o 500 mieszka\u0144 w trzech budynkach, z kt\u00f3rych dwa, o charakterystycznym kszta\u0142cie przypominaj\u0105cym \u201ewycieczkowce\u201d, s\u0105 ju\u017c na uko\u0144czeniu. Projekt obejmuje r\u00f3wnie\u017c publiczny bulwar i marin\u0119.<\/p>\n<\/li>\n<li data-section-id=\"156k742\" data-start=\"2850\" data-end=\"2990\">\n<p data-start=\"2852\" data-end=\"2990\"><strong data-start=\"2852\" data-end=\"2884\">Sedina Apartamenty (Budnex):<\/strong> Inwestycja na terenie dawnej Stoczni Rzecznej \u201eOdra\u201d, kt\u00f3ra docelowo ma zaoferowa\u0107 oko\u0142o 1000 mieszka\u0144.<\/p>\n<\/li>\n<li data-section-id=\"1muzraz\" data-start=\"2991\" data-end=\"3086\">\n<p data-start=\"2993\" data-end=\"3086\"><strong data-start=\"2993\" data-end=\"3015\">Heyki City (ATAL):<\/strong> Nowy projekt mieszkaniowy, kt\u00f3rego budowa ruszy\u0142a w czerwcu 2024 roku.<\/p>\n<\/li>\n<\/ul>\n<h3 data-section-id=\"xuw738\" data-start=\"3088\" data-end=\"3116\">G\u0142osy krytyki i wyzwania<\/h3>\n<p data-start=\"3118\" data-end=\"3228\">Pomimo skali inwestycji spos\u00f3b zagospodarowania nabrze\u017cy budzi powa\u017cne obawy ekspert\u00f3w i aktywist\u00f3w miejskich.<\/p>\n<ul data-start=\"3230\" data-end=\"4364\">\n<li data-section-id=\"19nmmzl\" data-start=\"3230\" data-end=\"3494\">\n<p data-start=\"3232\" data-end=\"3494\"><strong data-start=\"3232\" data-end=\"3255\">Brak sp\u00f3jnej wizji:<\/strong> Krytycy, w tym znany reporter Filip Springer, zarzucaj\u0105 miastu brak jednolitej strategii urbanistycznej na wz\u00f3r udanych rewitalizacji, jak HafenCity w Hamburgu. Zamiast tego, ich zdaniem, powstaje chaotyczny zbi\u00f3r \u201ewysp deweloperskich\u201d.<\/p>\n<\/li>\n<li data-section-id=\"s750o9\" data-start=\"3495\" data-end=\"3657\">\n<p data-start=\"3497\" data-end=\"3657\"><strong data-start=\"3497\" data-end=\"3529\">Kontrowersyjna architektura:<\/strong> Szczeg\u00f3ln\u0105 krytyk\u0119 wywo\u0142a\u0142y budynki na K\u0119pie Parnickiej, kt\u00f3re Springer okre\u015bli\u0142 mianem \u201ekoszmaru\u201d i \u201eurbanistycznego b\u0142\u0119du\u201d.<\/p>\n<\/li>\n<li data-section-id=\"1hr86ak\" data-start=\"3658\" data-end=\"3865\">\n<p data-start=\"3660\" data-end=\"3865\"><strong data-start=\"3660\" data-end=\"3687\">G\u0119sto\u015b\u0107 i brak zieleni:<\/strong> Wizualizacje i post\u0119py prac pokazuj\u0105 dominacj\u0119 betonu i minimalny udzia\u0142 teren\u00f3w zielonych, co budzi obawy o stworzenie \u201eblokowiska\u201d zamiast przyjaznej przestrzeni publicznej.<\/p>\n<\/li>\n<li data-section-id=\"1bw1qaa\" data-start=\"3866\" data-end=\"4069\">\n<p data-start=\"3868\" data-end=\"4069\"><strong data-start=\"3868\" data-end=\"3895\">Problemy komunikacyjne:<\/strong> K\u0119pa Parnicka jest obecnie skomunikowana z reszt\u0105 miasta tylko jedn\u0105 w\u0105sk\u0105 ulic\u0105 (Heyki), co rodzi pytania o przysz\u0142\u0105 przepustowo\u015b\u0107 po zasiedleniu tysi\u0119cy nowych mieszka\u0144.<\/p>\n<\/li>\n<li data-section-id=\"mhrp60\" data-start=\"4070\" data-end=\"4364\">\n<p data-start=\"4072\" data-end=\"4364\"><strong data-start=\"4072\" data-end=\"4100\">Przeszkody na \u0141asztowni:<\/strong> Kompleksow\u0105 rewitalizacj\u0119 \u0141asztowni utrudnia skomplikowana struktura w\u0142asno\u015bciowa. Znaczna cz\u0119\u015b\u0107 kluczowych teren\u00f3w, w tym zabytkowy zesp\u00f3\u0142 dawnej rze\u017ani, wci\u0105\u017c nale\u017cy do Skarbu Pa\u0144stwa, co spowalnia negocjacje i uniemo\u017cliwia miastu podj\u0119cie ca\u0142o\u015bciowych dzia\u0142a\u0144.<\/p>\n<\/li>\n<\/ul>\n<h2 data-section-id=\"15671nr\" data-start=\"4366\" data-end=\"4425\">Nowe ikony miasta: Inwestycje w kultur\u0119 i infrastruktur\u0119<\/h2>\n<p data-start=\"4427\" data-end=\"4573\">R\u00f3wnolegle do rozwoju mieszkaniowego Szczecin inwestuje w projekty, kt\u00f3re maj\u0105 sta\u0107 si\u0119 nowymi wizyt\u00f3wkami miasta i usprawni\u0107 jego funkcjonowanie.<\/p>\n<h3 data-section-id=\"gzb6kg\" data-start=\"4575\" data-end=\"4609\">Teatr Wsp\u00f3\u0142czesny na \u0141asztowni<\/h3>\n<p data-start=\"4611\" data-end=\"5022\">Jedn\u0105 z najwa\u017cniejszych inwestycji kulturalnych w Polsce b\u0119dzie budowa nowej siedziby Teatru Wsp\u00f3\u0142czesnego na Nabrze\u017cu Celnym. Projekt, wy\u0142oniony w mi\u0119dzynarodowym konkursie architektonicznym, zak\u0142ada stworzenie nowoczesnego obiektu z kilkoma scenami (w tym g\u0142\u00f3wn\u0105 na 450 miejsc), podziemnym parkingiem i rozwi\u0105zaniami proekologicznymi. Ma to by\u0107 nowy symbol i architektoniczna per\u0142a szczeci\u0144skiego waterfrontu.<\/p>\n<h3 data-section-id=\"18saiqf\" data-start=\"5024\" data-end=\"5067\">Strategiczne projekty infrastrukturalne<\/h3>\n<p data-start=\"5069\" data-end=\"5182\">Miasto realizuje r\u00f3wnie\u017c szereg inwestycji maj\u0105cych na celu popraw\u0119 sp\u00f3jno\u015bci komunikacyjnej i dost\u0119pno\u015bci portu:<\/p>\n<ul data-start=\"5184\" data-end=\"5631\">\n<li data-section-id=\"1onzlxq\" data-start=\"5184\" data-end=\"5332\">\n<p data-start=\"5186\" data-end=\"5332\"><strong data-start=\"5186\" data-end=\"5220\">Zachodnia Obwodnica Szczecina:<\/strong> Kluczowy element drogi ekspresowej S6, w ramach kt\u00f3rego powstanie najg\u0142\u0119bszy w Polsce tunel drogowy pod Odr\u0105.<\/p>\n<\/li>\n<li data-section-id=\"yolu3\" data-start=\"5333\" data-end=\"5476\">\n<p data-start=\"5335\" data-end=\"5476\"><strong data-start=\"5335\" data-end=\"5378\">Modernizacja dost\u0119pu do Portu Szczecin:<\/strong> Przebudowa uk\u0142adu drogowego na Mi\u0119dzyodrzu, kt\u00f3rej cz\u0119\u015bci\u0105 b\u0119dzie budowa nowego Mostu K\u0142odnego.<\/p>\n<\/li>\n<li data-section-id=\"2108o\" data-start=\"5477\" data-end=\"5631\">\n<p data-start=\"5479\" data-end=\"5631\"><strong data-start=\"5479\" data-end=\"5511\">Rozbudowa mariny North East:<\/strong> Planowane jest powi\u0119kszenie jednej z najbardziej rozpoznawalnych marin w Polsce, co wzmocni \u017ceglarski charakter miasta.<\/p>\n<\/li>\n<\/ul>\n<h2 data-section-id=\"522rct\" data-start=\"5633\" data-end=\"5682\">Boom mieszkaniowy: Gdzie i jak ro\u015bnie Szczecin<\/h2>\n<p data-start=\"5684\" data-end=\"5816\">Rynek nieruchomo\u015bci w Szczecinie prze\u017cywa dynamiczny rozw\u00f3j, oferuj\u0105c szeroki wachlarz nowych inwestycji w r\u00f3\u017cnych cz\u0119\u015bciach miasta.<\/p>\n<h3 data-section-id=\"1d0wsdp\" data-start=\"5818\" data-end=\"5841\">R\u00f3\u017cnorodno\u015b\u0107 oferty<\/h3>\n<p data-start=\"5843\" data-end=\"6212\">Deweloperzy realizuj\u0105 projekty o zr\u00f3\u017cnicowanym charakterze \u2013 od du\u017cych, wieloetapowych osiedli, przez kameralne kompleksy willi miejskich, po apartamentowce o podwy\u017cszonym standardzie. Nowe budynki coraz cz\u0119\u015bciej oferuj\u0105 bogat\u0105 infrastruktur\u0119 towarzysz\u0105c\u0105: tereny zielone, place zabaw, parkingi podziemne, udogodnienia dla rowerzyst\u00f3w oraz lokale us\u0142ugowe na parterach.<\/p>\n<h3 data-section-id=\"1o79msz\" data-start=\"6214\" data-end=\"6239\">Popularne lokalizacje<\/h3>\n<p data-start=\"6241\" data-end=\"6342\">Nowe osiedla powstaj\u0105 w ca\u0142ym mie\u015bcie, jednak kilka dzielnic cieszy si\u0119 szczeg\u00f3lnym zainteresowaniem:<\/p>\n<ul data-start=\"6344\" data-end=\"6823\">\n<li data-section-id=\"9fea2b\" data-start=\"6344\" data-end=\"6464\">\n<p data-start=\"6346\" data-end=\"6464\"><strong data-start=\"6346\" data-end=\"6359\">Warszewo:<\/strong> Popularna lokalizacja, zw\u0142aszcza w\u015br\u00f3d rodzin, ze wzgl\u0119du na dobr\u0105 infrastruktur\u0119 i dogodne po\u0142o\u017cenie.<\/p>\n<\/li>\n<li data-section-id=\"7tqxef\" data-start=\"6465\" data-end=\"6549\">\n<p data-start=\"6467\" data-end=\"6549\"><strong data-start=\"6467\" data-end=\"6490\">Pogodno i Krzekowo:<\/strong> Cenione za spok\u00f3j, ziele\u0144 i dobr\u0105 komunikacj\u0119 z centrum.<\/p>\n<\/li>\n<li data-section-id=\"12x7msf\" data-start=\"6550\" data-end=\"6692\">\n<p data-start=\"6552\" data-end=\"6692\"><strong data-start=\"6552\" data-end=\"6578\">Centrum i Nowe Miasto:<\/strong> Najdro\u017csze lokalizacje, gdzie powstaj\u0105 inwestycje premium, cz\u0119sto w ramach rewitalizacji historycznej zabudowy.<\/p>\n<\/li>\n<li data-section-id=\"1qf69j\" data-start=\"6693\" data-end=\"6823\">\n<p data-start=\"6695\" data-end=\"6823\"><strong data-start=\"6695\" data-end=\"6708\">Sto\u0142czyn:<\/strong> Przyk\u0142ad rewitalizacji dzielnic oddalonych od centrum, gdzie powstaje m.in. \u201eOsiedle D\u0105br\u00f3wki\u201d z widokiem na Odr\u0119.<\/p>\n<\/li>\n<\/ul>\n<p data-start=\"6825\" data-end=\"6982\">Do przyk\u0142adowych, realizowanych obecnie projekt\u00f3w nale\u017c\u0105 m.in. CityPearl w sercu miasta, Cukrownia Apartamenty, Osiedle Pod Gwiazdami czy Apartamenty Du\u0144ska.<\/p>\n<p data-start=\"7025\" data-end=\"7437\">Szczecin znajduje si\u0119 w kluczowym momencie swojego rozwoju. Z jednej strony dysponuje ambitn\u0105, d\u0142ugofalow\u0105 strategi\u0105 i realizuje spektakularne inwestycje, kt\u00f3re maj\u0105 podnie\u015b\u0107 jako\u015b\u0107 \u017cycia i wzmocni\u0107 pozycj\u0119 miasta. Z drugiej strony gwa\u0142towna i w du\u017cej mierze komercyjna presja na najbardziej atrakcyjne tereny, zw\u0142aszcza nad Odr\u0105, rodzi ryzyko utraty unikalnego potencja\u0142u na rzecz chaotycznej i g\u0119stej zabudowy.<\/p>\n<p data-start=\"7439\" data-end=\"7734\">Nadchodz\u0105ce lata b\u0119d\u0105 testem dla w\u0142adz miasta \u2013 czy uda im si\u0119 skutecznie pokierowa\u0107 tym procesem, r\u00f3wnowa\u017c\u0105c interesy deweloper\u00f3w z potrzebami mieszka\u0144c\u00f3w i realizuj\u0105c sp\u00f3jn\u0105 wizj\u0119 b\u0142\u0119kitno-zielonej metropolii? Odpowied\u017a na to pytanie zdefiniuje architektoniczne oblicze Szczecina na pokolenia.<\/p>\n","protected":false},"excerpt":{"rendered":"<p>Szczecin stoi u progu dekady zdefiniowanej przez bezprecedensowe zmiany w jego tkance miejskiej. Miasto, z now\u0105 strategi\u0105 rozwoju si\u0119gaj\u0105c\u0105 2035 roku, inwestuje w spektakularne projekty kulturalne, modernizuje kluczow\u0105 infrastruktur\u0119 i prze\u017cywa boom na rynku mieszkaniowym. Jednak najwi\u0119ksze emocje i debaty budzi transformacja nabrze\u017cy Odry. Czy ambitne plany stworzenia \u201enowego serca miasta\u201d na \u0141asztowni i K\u0119pie [&hellip;]<\/p>\n","protected":false},"author":2,"featured_media":767,"comment_status":"open","ping_status":"closed","sticky":false,"template":"","format":"standard","meta":{"two_page_speed":[],"footnotes":"","_links_to":"","_links_to_target":""},"categories":[11],"tags":[],"class_list":["post-766","post","type-post","status-publish","format-standard","has-post-thumbnail","hentry","category-szczecin"],"_links":{"self":[{"href":"https:\/\/ostatnigasiswiatlo.pl\/index.php?rest_route=\/wp\/v2\/posts\/766","targetHints":{"allow":["GET"]}}],"collection":[{"href":"https:\/\/ostatnigasiswiatlo.pl\/index.php?rest_route=\/wp\/v2\/posts"}],"about":[{"href":"https:\/\/ostatnigasiswiatlo.pl\/index.php?rest_route=\/wp\/v2\/types\/post"}],"author":[{"embeddable":true,"href":"https:\/\/ostatnigasiswiatlo.pl\/index.php?rest_route=\/wp\/v2\/users\/2"}],"replies":[{"embeddable":true,"href":"https:\/\/ostatnigasiswiatlo.pl\/index.php?rest_route=%2Fwp%2Fv2%2Fcomments&post=766"}],"version-history":[{"count":3,"href":"https:\/\/ostatnigasiswiatlo.pl\/index.php?rest_route=\/wp\/v2\/posts\/766\/revisions"}],"predecessor-version":[{"id":770,"href":"https:\/\/ostatnigasiswiatlo.pl\/index.php?rest_route=\/wp\/v2\/posts\/766\/revisions\/770"}],"wp:featuredmedia":[{"embeddable":true,"href":"https:\/\/ostatnigasiswiatlo.pl\/index.php?rest_route=\/wp\/v2\/media\/767"}],"wp:attachment":[{"href":"https:\/\/ostatnigasiswiatlo.pl\/index.php?rest_route=%2Fwp%2Fv2%2Fmedia&parent=766"}],"wp:term":[{"taxonomy":"category","embeddable":true,"href":"https:\/\/ostatnigasiswiatlo.pl\/index.php?rest_route=%2Fwp%2Fv2%2Fcategories&post=766"},{"taxonomy":"post_tag","embeddable":true,"href":"https:\/\/ostatnigasiswiatlo.pl\/index.php?rest_route=%2Fwp%2Fv2%2Ftags&post=766"}],"curies":[{"name":"wp","href":"https:\/\/api.w.org\/{rel}","templated":true}]}}