{"id":778,"date":"2026-03-09T02:00:00","date_gmt":"2026-03-09T04:00:00","guid":{"rendered":"https:\/\/ostatnigasiswiatlo.pl\/?p=778"},"modified":"2026-03-09T03:51:53","modified_gmt":"2026-03-09T05:51:53","slug":"kobylanka-odkryj-wies-z-legenda-w-tle-tuz-pod-szczecinem","status":"publish","type":"post","link":"https:\/\/ostatnigasiswiatlo.pl\/?p=778","title":{"rendered":"Kobylanka: odkryj wie\u015b z legend\u0105 w tle, tu\u017c pod Szczecinem"},"content":{"rendered":"<p data-start=\"209\" data-end=\"648\">Po\u0142o\u017cona w po\u0142owie drogi mi\u0119dzy Stargardem a Szczecinem, w s\u0105siedztwie malowniczego jeziora Miedwie, Kobylanka to wie\u015b, kt\u00f3ra t\u0119tni \u017cyciem. Cho\u0107 formalnie jest siedzib\u0105 gminy, jej charakter daleko wykracza poza typowo wiejskie ramy. To dynamicznie rozwijaj\u0105ca si\u0119 miejscowo\u015b\u0107, kt\u00f3ra z powodzeniem \u0142\u0105czy bogat\u0105, wielowiekow\u0105 histori\u0119 z nowoczesno\u015bci\u0105, przyci\u0105gaj\u0105c zar\u00f3wno nowych mieszka\u0144c\u00f3w, jak i turyst\u00f3w szukaj\u0105cych ciekawych opowie\u015bci.<\/p>\n<h2 data-section-id=\"18bh31m\" data-start=\"650\" data-end=\"711\">Z kart historii: od Cysters\u00f3w do elektor\u00f3w brandenburskich<\/h2>\n<p data-start=\"713\" data-end=\"1233\">Po reformacji, w 1537 roku, wie\u015b przesz\u0142a w r\u0119ce ksi\u0105\u017c\u0105t zachodniopomorskich, a od 1648 roku sta\u0142a si\u0119 cz\u0119\u015bci\u0105 d\u00f3br elektor\u00f3w brandenburskich. W XVIII wieku, za spraw\u0105 intensywnej akcji kolonizacyjnej prowadzonej przez kr\u00f3la Prus Fryderyka Wielkiego, Kobylanka zacz\u0119\u0142a si\u0119 systematycznie rozrasta\u0107. W 1786 roku liczy\u0142a ju\u017c 70 domostw. Pierwotnie za\u0142o\u017cona na planie owalnicy z centralnie po\u0142o\u017conym ko\u015bcio\u0142em, w XIX wieku rozbudowa\u0142a si\u0119 wzd\u0142u\u017c wa\u017cnego traktu Szczecin\u2013Stargard, przekszta\u0142caj\u0105c si\u0119 w wie\u015b wielodro\u017cnicow\u0105.<\/p>\n<h2 data-section-id=\"uf8p94\" data-start=\"1235\" data-end=\"1290\">Legenda Wie\u0144ca Zgody: drzewo, kt\u00f3re zako\u0144czy\u0142o wojn\u0119<\/h2>\n<p data-start=\"1292\" data-end=\"1674\">Jednym z najciekawszych i najbardziej symbolicznych wydarze\u0144 w dziejach Kobylanki jest podpisanie tu w 1460 roku traktatu pokojowego. Burmistrzowie Szczecina i Stargardu, po latach wyniszczaj\u0105cej wojny handlowej, spotkali si\u0119 w\u0142a\u015bnie tutaj, by zawrze\u0107 zgod\u0119. Na pami\u0105tk\u0119 tego wydarzenia posadzono lip\u0119, kt\u00f3ra do dzi\u015b ro\u015bnie przy drodze do Reptowa i nosi dumn\u0105 nazw\u0119 \u201eWieniec Zgody\u201d.<\/p>\n<p data-start=\"1676\" data-end=\"1927\">Zgodnie z legend\u0105 tradycja by\u0142a kontynuowana, a kolejne drzewa dosadzano w ka\u017cd\u0105 setn\u0105 rocznic\u0119 zawarcia pokoju. Dzi\u015b zesp\u00f3\u0142 pomnikowych lip, z kt\u00f3rych najstarsza ma ponad 6 metr\u00f3w obwodu, stanowi \u017cywy pomnik historii i unikatow\u0105 atrakcj\u0119 turystyczn\u0105.<\/p>\n<h2 data-section-id=\"m3s2q1\" data-start=\"1929\" data-end=\"1956\">Burzliwe dzieje ko\u015bcio\u0142a<\/h2>\n<p data-start=\"1958\" data-end=\"2406\">Centralnym punktem historycznego uk\u0142adu wsi jest ko\u015bci\u00f3\u0142 pw. \u015bw. Antoniego z Padwy. Jednak \u015bwi\u0105tynia, kt\u00f3r\u0105 mo\u017cemy podziwia\u0107 dzisiaj, nie jest t\u0105 pierwotn\u0105. Na jej miejscu sta\u0142 niegdy\u015b unikatowy, ryglowy ko\u015bci\u00f3\u0142 z ko\u0144ca XVI wieku, zbudowany na planie krzy\u017ca greckiego \u2013 najstarsza tego typu wiejska budowla na Pomorzu. Niestety, 24 maja 1934 roku cenny zabytek doszcz\u0119tnie sp\u0142on\u0105\u0142. Z po\u017caru ocala\u0142 jedynie metalowy krzy\u017c z wie\u017cy i nakrycie o\u0142tarza.<\/p>\n<p data-start=\"2408\" data-end=\"2800\">Ju\u017c w 1936 roku oddano do u\u017cytku now\u0105, murowan\u0105 \u015bwi\u0105tyni\u0119. Jej historia r\u00f3wnie\u017c naznaczona jest dramatyzmem. W 1945 roku stacjonuj\u0105ce we wsi wojska radzieckie przez kilka miesi\u0119cy wykorzystywa\u0142y ko\u015bci\u00f3\u0142 jako obor\u0119 dla kr\u00f3w, niszcz\u0105c przy tym dach, o\u0142tarz i organy. Tu\u017c po wojnie polscy mieszka\u0144cy w\u0142asnymi si\u0142ami naprawili zniszczenia, a \u015bwi\u0105tynia zosta\u0142a po\u015bwi\u0119cona 1 pa\u017adziernika 1945 roku.<\/p>\n<h2 data-section-id=\"p37mbv\" data-start=\"2802\" data-end=\"2859\">Kobylanka w XX i XXI wieku: zmiany i dynamiczny rozw\u00f3j<\/h2>\n<p data-start=\"2861\" data-end=\"3123\">Do 1945 roku wie\u015b nosi\u0142a niemieck\u0105 nazw\u0119 Kublank i nale\u017ca\u0142a do powiatu Greifenhagen w pruskiej prowincji Pomorze. W 1939 roku liczy\u0142a 629 mieszka\u0144c\u00f3w. Po II wojnie \u015bwiatowej miejscowo\u015b\u0107 znalaz\u0142a si\u0119 w granicach Polski, a jej niemiecka ludno\u015b\u0107 zosta\u0142a wysiedlona.<\/p>\n<p data-start=\"3125\" data-end=\"3486\">Dzi\u015b Kobylanka prze\u017cywa okres niezwykle dynamicznego rozwoju. Korzystne po\u0142o\u017cenie, blisko\u015b\u0107 dw\u00f3ch du\u017cych miast oraz jeziora Miedwie sprawiaj\u0105, \u017ce wie\u015b nigdy nie mia\u0142a typowo rolniczego charakteru. W ostatnich dekadach sta\u0142a si\u0119 atrakcyjnym miejscem do \u017cycia, co potwierdza gwa\u0142towny wzrost liczby mieszka\u0144c\u00f3w \u2013 z oko\u0142o 600 w 2003 roku do ponad 1600 w roku 2022.<\/p>\n<h2 data-section-id=\"9xmzx1\" data-start=\"3488\" data-end=\"3521\">Co warto zobaczy\u0107 w Kobylance?<\/h2>\n<p data-start=\"3523\" data-end=\"3602\">Odwiedzaj\u0105c Kobylank\u0119, warto zaplanowa\u0107 spacer po jej najciekawszych zak\u0105tkach:<\/p>\n<p data-start=\"3604\" data-end=\"3736\"><strong data-start=\"3604\" data-end=\"3638\">Pomnikowe lipy \u201eWieniec Zgody\u201d<\/strong> \u2013 to absolutny obowi\u0105zek. Miejsce, gdzie mo\u017cna dotkn\u0105\u0107 \u017cywej historii i pozna\u0107 niezwyk\u0142\u0105 legend\u0119.<\/p>\n<p data-start=\"3738\" data-end=\"3935\"><strong data-start=\"3738\" data-end=\"3775\">Ko\u015bci\u00f3\u0142 pw. \u015bw. Antoniego z Padwy<\/strong> \u2013 \u015bwiadek burzliwej historii XX wieku, stoj\u0105cy w historycznym sercu wsi. Przed wej\u015bciem znajduje si\u0119 kamie\u0144 z tablic\u0105 pami\u0105tkow\u0105 opisuj\u0105c\u0105 dzieje miejscowo\u015bci.<\/p>\n<p data-start=\"3937\" data-end=\"4144\"><strong data-start=\"3937\" data-end=\"3951\">Lapidarium<\/strong> \u2013 na terenie dawnego cmentarza ewangelickiego stworzono jedyne na Ziemi Stargardzkiej lapidarium. Zgromadzono tu liczne nagrobki i \u017celiwne krzy\u017ce z okolicznych, nieistniej\u0105cych ju\u017c nekropolii.<\/p>\n<p data-start=\"4146\" data-end=\"4360\"><strong data-start=\"4146\" data-end=\"4165\">Jezioro Miedwie<\/strong> \u2013 zaledwie kilka kilometr\u00f3w od Kobylanki znajduje si\u0119 turystyczna miejscowo\u015b\u0107 Morzyczyn, oferuj\u0105ca doskonale przygotowan\u0105 infrastruktur\u0119 rekreacyjn\u0105 nad pi\u0105tym co do wielko\u015bci jeziorem w Polsce.<\/p>\n<p data-start=\"4362\" data-end=\"4782\">Historia Kobylanki si\u0119ga pocz\u0105tk\u00f3w XIII wieku, a pierwsze pisemne wzmianki o osadzie, znanej w\u00f3wczas jako Kobank lub Cobelanke, pochodz\u0105 z lat 1220\u20131233. Przez wieki losy wsi by\u0142y nierozerwalnie zwi\u0105zane z pot\u0119\u017cnym zakonem cysters\u00f3w z pobliskiego Ko\u0142bacza. W 1304 roku ksi\u0105\u017c\u0119 Otton I oficjalnie podarowa\u0142 im te ziemie. Legenda g\u0142osi, \u017ce to w\u0142a\u015bnie cystersi, pas\u0105cy tu swoje konie, dali pocz\u0105tek nazwie wsi \u2013 Kobyla \u0141\u0105ka.<\/p>\n","protected":false},"excerpt":{"rendered":"<p>Po\u0142o\u017cona w po\u0142owie drogi mi\u0119dzy Stargardem a Szczecinem, w s\u0105siedztwie malowniczego jeziora Miedwie, Kobylanka to wie\u015b, kt\u00f3ra t\u0119tni \u017cyciem. Cho\u0107 formalnie jest siedzib\u0105 gminy, jej charakter daleko wykracza poza typowo wiejskie ramy. To dynamicznie rozwijaj\u0105ca si\u0119 miejscowo\u015b\u0107, kt\u00f3ra z powodzeniem \u0142\u0105czy bogat\u0105, wielowiekow\u0105 histori\u0119 z nowoczesno\u015bci\u0105, przyci\u0105gaj\u0105c zar\u00f3wno nowych mieszka\u0144c\u00f3w, jak i turyst\u00f3w szukaj\u0105cych ciekawych [&hellip;]<\/p>\n","protected":false},"author":2,"featured_media":779,"comment_status":"open","ping_status":"closed","sticky":false,"template":"","format":"standard","meta":{"two_page_speed":[],"footnotes":"","_links_to":"","_links_to_target":""},"categories":[151],"tags":[],"class_list":["post-778","post","type-post","status-publish","format-standard","has-post-thumbnail","hentry","category-kobylanka"],"_links":{"self":[{"href":"https:\/\/ostatnigasiswiatlo.pl\/index.php?rest_route=\/wp\/v2\/posts\/778","targetHints":{"allow":["GET"]}}],"collection":[{"href":"https:\/\/ostatnigasiswiatlo.pl\/index.php?rest_route=\/wp\/v2\/posts"}],"about":[{"href":"https:\/\/ostatnigasiswiatlo.pl\/index.php?rest_route=\/wp\/v2\/types\/post"}],"author":[{"embeddable":true,"href":"https:\/\/ostatnigasiswiatlo.pl\/index.php?rest_route=\/wp\/v2\/users\/2"}],"replies":[{"embeddable":true,"href":"https:\/\/ostatnigasiswiatlo.pl\/index.php?rest_route=%2Fwp%2Fv2%2Fcomments&post=778"}],"version-history":[{"count":2,"href":"https:\/\/ostatnigasiswiatlo.pl\/index.php?rest_route=\/wp\/v2\/posts\/778\/revisions"}],"predecessor-version":[{"id":781,"href":"https:\/\/ostatnigasiswiatlo.pl\/index.php?rest_route=\/wp\/v2\/posts\/778\/revisions\/781"}],"wp:featuredmedia":[{"embeddable":true,"href":"https:\/\/ostatnigasiswiatlo.pl\/index.php?rest_route=\/wp\/v2\/media\/779"}],"wp:attachment":[{"href":"https:\/\/ostatnigasiswiatlo.pl\/index.php?rest_route=%2Fwp%2Fv2%2Fmedia&parent=778"}],"wp:term":[{"taxonomy":"category","embeddable":true,"href":"https:\/\/ostatnigasiswiatlo.pl\/index.php?rest_route=%2Fwp%2Fv2%2Fcategories&post=778"},{"taxonomy":"post_tag","embeddable":true,"href":"https:\/\/ostatnigasiswiatlo.pl\/index.php?rest_route=%2Fwp%2Fv2%2Ftags&post=778"}],"curies":[{"name":"wp","href":"https:\/\/api.w.org\/{rel}","templated":true}]}}