{"id":782,"date":"2026-03-11T04:00:02","date_gmt":"2026-03-11T06:00:02","guid":{"rendered":"https:\/\/ostatnigasiswiatlo.pl\/?p=782"},"modified":"2026-03-11T04:33:44","modified_gmt":"2026-03-11T06:33:44","slug":"blizna-w-sercu-szczecina-historia-teatru-miejskiego-ktory-musial-zniknac","status":"publish","type":"post","link":"https:\/\/ostatnigasiswiatlo.pl\/?p=782","title":{"rendered":"Blizna w sercu Szczecina: historia Teatru Miejskiego, kt\u00f3ry musia\u0142 znikn\u0105\u0107"},"content":{"rendered":"<p data-start=\"227\" data-end=\"730\">W panoramie przedwojennego Szczecina, na reprezentacyjnym placu <strong data-start=\"291\" data-end=\"306\">K\u00f6nigsplatz<\/strong> (dzi\u015b Plac \u017bo\u0142nierza Polskiego), sta\u0142 gmach, kt\u00f3ry przez blisko sto lat by\u0142 sercem kulturalnego \u017cycia miasta. Teatr Miejski, czyli <strong data-start=\"438\" data-end=\"454\">Stadttheater<\/strong>, nie by\u0142 tylko budynkiem \u2013 by\u0142 symbolem aspiracji, dumy i artystycznej to\u017csamo\u015bci mieszka\u0144c\u00f3w. Jego historia, od ambitnej budowy po tragiczn\u0105 i kontrowersyjn\u0105 rozbi\u00f3rk\u0119, to opowie\u015b\u0107 o wzlocie i upadku, kt\u00f3ra do dzi\u015b pozostawia poczucie straty i pustki w samym centrum miasta.<\/p>\n<h2 data-section-id=\"17lr0q8\" data-start=\"732\" data-end=\"768\">Od Comedienhaus do wielkiej sceny<\/h2>\n<p data-start=\"770\" data-end=\"1420\">Zanim wzniesiono monumentalny gmach Teatru Miejskiego, \u017cycie teatralne w Szczecinie toczy\u0142o si\u0119 w skromniejszych warunkach. Dominowa\u0142y amatorskie zespo\u0142y i grupy objazdowe, kt\u00f3re znajdowa\u0142y swoje miejsce na prowizorycznych scenach, jak ta przy Domu \u017beglarza. Ju\u017c co najmniej od po\u0142owy XVIII wieku szczeci\u0144ska korporacja kupiecka prowadzi\u0142a niewielki teatr w zabudowaniach przylegaj\u0105cych do Dziedzi\u0144ca Loitz\u00f3w. Po modernizacji w 1792 roku miejsce to, znane jako <strong data-start=\"1231\" data-end=\"1247\">Comedienhaus<\/strong>, s\u0142u\u017cy\u0142o mieszka\u0144com przez dekady. Rosn\u0105ce oczekiwania publiczno\u015bci oraz ograniczenia techniczne sprawi\u0142y jednak, \u017ce miasto zacz\u0119\u0142o marzy\u0107 o scenie z prawdziwego zdarzenia.<\/p>\n<p data-start=\"1422\" data-end=\"1754\">Impuls do zmiany nadszed\u0142 w 1844 roku, kiedy magistrat oficjalnie zwr\u00f3ci\u0142 si\u0119 do kupc\u00f3w z propozycj\u0105 budowy nowego, reprezentacyjnego teatru. Po dw\u00f3ch latach analiz i gromadzenia funduszy, 17 grudnia 1846 roku wbito pierwsz\u0105 \u0142opat\u0119 na terenie dawnego \u201eBia\u0142ego Placu Parad\u201d, w p\u00f3\u0142nocnej cz\u0119\u015bci dzisiejszego Placu \u017bo\u0142nierza Polskiego.<\/p>\n<h2 data-section-id=\"1meb772\" data-start=\"1756\" data-end=\"1788\">Budowa, kt\u00f3ra pokona\u0142a natur\u0119<\/h2>\n<p data-start=\"1790\" data-end=\"2327\">Projekt powierzono <strong data-start=\"1809\" data-end=\"1846\">Carlo wi Ferdinandowi Langhansowi<\/strong>, cenionemu architektowi znanemu z projekt\u00f3w teatr\u00f3w i oper w ca\u0142ych Niemczech. Nad realizacj\u0105 czuwa\u0142 mistrz budowlany Degner. Budowa od samego pocz\u0105tku napotyka\u0142a na powa\u017cne trudno\u015bci. Gmach wznoszono na terenie dawnej fosy, g\u0142\u0119bokiej na oko\u0142o 20 metr\u00f3w, co sprawia\u0142o, \u017ce grunt by\u0142 niestabilny. In\u017cynierowie musieli wzmacnia\u0107 fundamenty i dostosowywa\u0107 projekt do wymagaj\u0105cych warunk\u00f3w, co znacznie wyd\u0142u\u017cy\u0142o prace i podnios\u0142o koszty inwestycji do imponuj\u0105cej sumy 107 789 talar\u00f3w.<\/p>\n<p data-start=\"2329\" data-end=\"2606\">Wysi\u0142ek si\u0119 op\u0142aci\u0142. 21 pa\u017adziernika 1849 roku odby\u0142o si\u0119 uroczyste otwarcie teatru. Na deskach wystawiono \u201eEgmonta\u201d <strong data-start=\"2446\" data-end=\"2480\">Johanna Wolfganga von Goethego<\/strong>, a przed wej\u015bciem ods\u0142oni\u0119to pomnik kr\u00f3la <strong data-start=\"2523\" data-end=\"2549\">Fryderyka Wilhelma III<\/strong>. Szczecin zyska\u0142 wreszcie scen\u0119 na miar\u0119 swoich ambicji.<\/p>\n<h2 data-section-id=\"jdcnb8\" data-start=\"2608\" data-end=\"2643\">Architektura, rozw\u00f3j i z\u0142ota era<\/h2>\n<p data-start=\"2645\" data-end=\"2997\">Zaprojektowany przez Langhansa budynek \u0142\u0105czy\u0142 efektown\u0105, klasycystyczn\u0105 fasad\u0119 z funkcjonalnym wn\u0119trzem, zdolnym pomie\u015bci\u0107 liczn\u0105 publiczno\u015b\u0107 i sprosta\u0107 technicznym wymaganiom skomplikowanych przedstawie\u0144. Teatr szybko sta\u0142 si\u0119 centrum \u017cycia kulturalnego, oferuj\u0105c bogaty repertuar oper, operetek i sztuk teatralnych, kt\u00f3re przyci\u0105ga\u0142y komplety widz\u00f3w.<\/p>\n<p data-start=\"2999\" data-end=\"3258\">Utrzymanie tak okaza\u0142ego obiektu generowa\u0142o jednak ogromne koszty. Ostatecznie korporacja kupiecka sprzeda\u0142a budynek miastu za 120 000 marek. Pod zarz\u0105dem miejskim teatr prze\u017cywa\u0142 dalszy rozkwit i by\u0142 wielokrotnie modernizowany, aby sprosta\u0107 nowym standardom.<\/p>\n<ul data-start=\"3260\" data-end=\"3688\">\n<li data-section-id=\"qzxsgd\" data-start=\"3260\" data-end=\"3476\">\n<p data-start=\"3262\" data-end=\"3476\"><strong data-start=\"3262\" data-end=\"3270\">1899<\/strong> \u2013 architekt <strong data-start=\"3283\" data-end=\"3303\">Franz Schwechten<\/strong> zaprojektowa\u0142 gruntown\u0105 przebudow\u0119 frontu, dodaj\u0105c monumentalny westybul z charakterystycznymi wie\u017cyczkami, kt\u00f3ry nada\u0142 budynkowi jeszcze bardziej reprezentacyjny wygl\u0105d.<\/p>\n<\/li>\n<li data-section-id=\"1a4hdki\" data-start=\"3477\" data-end=\"3570\">\n<p data-start=\"3479\" data-end=\"3570\"><strong data-start=\"3479\" data-end=\"3492\">1905\u20131906<\/strong> \u2013 rozbudowano zaplecze sceniczne, dodaj\u0105c magazyny i pomieszczenia biurowe.<\/p>\n<\/li>\n<li data-section-id=\"wakyec\" data-start=\"3571\" data-end=\"3634\">\n<p data-start=\"3573\" data-end=\"3634\"><strong data-start=\"3573\" data-end=\"3586\">1924\u20131925<\/strong> \u2013 od strony p\u00f3\u0142nocnej dobudowano restauracj\u0119.<\/p>\n<\/li>\n<li data-section-id=\"b589b0\" data-start=\"3635\" data-end=\"3688\">\n<p data-start=\"3637\" data-end=\"3688\"><strong data-start=\"3637\" data-end=\"3645\">1929<\/strong> \u2013 ponownie przebudowano garderoby i biura.<\/p>\n<\/li>\n<\/ul>\n<p data-start=\"3690\" data-end=\"3885\">Przez ca\u0142y ten czas, r\u00f3wnie\u017c w okresie I wojny \u015bwiatowej, teatr nieprzerwanie funkcjonowa\u0142, umacniaj\u0105c swoj\u0105 pozycj\u0119 jako kluczowej instytucji kulturalnej i wa\u017cnego elementu to\u017csamo\u015bci Szczecina.<\/p>\n<h2 data-section-id=\"wqtnmu\" data-start=\"3887\" data-end=\"3909\">Cios w czasie wojny<\/h2>\n<p data-start=\"3911\" data-end=\"4328\">Kres dzia\u0142alno\u015bci teatru przynios\u0142a II wojna \u015bwiatowa. Podczas alianckiego nalotu dywanowego na Szczecin w nocy z 16 na 17 sierpnia 1944 roku gmach zosta\u0142 powa\u017cnie uszkodzony. Bomby zniszczy\u0142y g\u00f3rne kondygnacje, a wn\u0119trza cz\u0119\u015bciowo sp\u0142on\u0119\u0142y. Mimo ogromu zniszcze\u0144 kluczowe elementy konstrukcyjne budynku \u2013 jego mury i fundamenty \u2013 pozosta\u0142y nienaruszone. Powojenni eksperci byli zgodni: teatr nadawa\u0142 si\u0119 do odbudowy.<\/p>\n<p data-start=\"4330\" data-end=\"4551\">Gdy w 1945 roku Szczecin znalaz\u0142 si\u0119 w granicach Polski, zniszczony, ale wci\u0105\u017c stoj\u0105cy gmach zosta\u0142 przej\u0119ty przez polskie w\u0142adze. Rozpocz\u0119to inwentaryzacj\u0119 ruin, a w mie\u015bcie rozgorza\u0142a dyskusja na temat jego przysz\u0142o\u015bci.<\/p>\n<h2 data-section-id=\"sjjq87\" data-start=\"4553\" data-end=\"4590\">Kontrowersyjna decyzja o rozbi\u00f3rce<\/h2>\n<p data-start=\"4592\" data-end=\"4957\">Los teatru sta\u0142 si\u0119 przedmiotem gor\u0105cego sporu. Z jednej strony konserwatorzy zabytk\u00f3w i cz\u0119\u015b\u0107 \u015brodowisk architektonicznych opowiadali si\u0119 za jego odbudow\u0105, argumentuj\u0105c, \u017ce stanowi on integraln\u0105 cz\u0119\u015b\u0107 historycznego zespo\u0142u urbanistycznego wraz z Zamkiem Ksi\u0105\u017c\u0105t Pomorskich i ko\u015bcio\u0142em \u015bw. Piotra i Paw\u0142a. Dyrekcja Odbudowy przygotowa\u0142a nawet projekt rekonstrukcji.<\/p>\n<p data-start=\"4959\" data-end=\"5354\">Z drugiej strony pojawi\u0142 si\u0119 silny g\u0142os zwolennik\u00f3w wyburzenia, na czele z pierwszym polskim prezydentem Szczecina, <strong data-start=\"5075\" data-end=\"5094\">Piotrem Zaremb\u0105<\/strong>. G\u0142\u00f3wnym argumentem, kt\u00f3ry Zaremba przytacza\u0142 w swoich wspomnieniach, by\u0142a ch\u0119\u0107 \u201eods\u0142oni\u0119cia widoku na Odr\u0119\u201d i otwarcia miasta na rzek\u0119. Uwa\u017cano, \u017ce monumentalny gmach zas\u0142ania panoram\u0119 portu. W lokalnej prasie pojawia\u0142y si\u0119 artyku\u0142y wzmacniaj\u0105ce t\u0119 narracj\u0119.<\/p>\n<p data-start=\"5356\" data-end=\"5685\">Ostatecznie, mimo istnienia plan\u00f3w odbudowy i wst\u0119pnej decyzji o zabezpieczeniu ruin w 1948 roku, koncepcja Zaremby zwyci\u0119\u017cy\u0142a. W 1951 roku podj\u0119to ostateczn\u0105 decyzj\u0119, a w 1954 roku mury Teatru Miejskiego zosta\u0142y rozebrane. Budynek, kt\u00f3ry przetrwa\u0142 wojn\u0119, znikn\u0105\u0142 z powierzchni ziemi w wyniku powojennej decyzji administracyjnej.<\/p>\n<p data-start=\"5687\" data-end=\"6265\">Przez wiele lat plac po teatrze pozostawa\u0142 pusty, tworz\u0105c urbanistyczn\u0105 wyrw\u0119 w sercu miasta. W 1978 roku jego uk\u0142ad przeci\u0119\u0142a nowo wybudowana Trasa Zamkowa. W latach 1990\u20132013 w tym miejscu sta\u0142 <strong data-start=\"5883\" data-end=\"5905\">Maszt Maciejewicza<\/strong>, kt\u00f3ry ostatecznie r\u00f3wnie\u017c zosta\u0142 przeniesiony. Dzi\u015b, patrz\u0105c na to puste miejsce, trudno uwierzy\u0107, \u017ce przez prawie sto lat t\u0119tni\u0142o tu kulturalne \u017cycie miasta w jednym z jego najwspanialszych gmach\u00f3w. Historia Teatru Miejskiego pozostaje bolesnym przypomnieniem o nieodwracalnej stracie i kontrowersyjnych wyborach, kt\u00f3re na zawsze zmieni\u0142y oblicze Szczecina.<\/p>\n","protected":false},"excerpt":{"rendered":"<p>W panoramie przedwojennego Szczecina, na reprezentacyjnym placu K\u00f6nigsplatz (dzi\u015b Plac \u017bo\u0142nierza Polskiego), sta\u0142 gmach, kt\u00f3ry przez blisko sto lat by\u0142 sercem kulturalnego \u017cycia miasta. Teatr Miejski, czyli Stadttheater, nie by\u0142 tylko budynkiem \u2013 by\u0142 symbolem aspiracji, dumy i artystycznej to\u017csamo\u015bci mieszka\u0144c\u00f3w. Jego historia, od ambitnej budowy po tragiczn\u0105 i kontrowersyjn\u0105 rozbi\u00f3rk\u0119, to opowie\u015b\u0107 o wzlocie [&hellip;]<\/p>\n","protected":false},"author":2,"featured_media":783,"comment_status":"open","ping_status":"closed","sticky":false,"template":"","format":"standard","meta":{"two_page_speed":[],"footnotes":"","_links_to":"","_links_to_target":""},"categories":[117],"tags":[],"class_list":["post-782","post","type-post","status-publish","format-standard","has-post-thumbnail","hentry","category-kultura-i-sztuka"],"_links":{"self":[{"href":"https:\/\/ostatnigasiswiatlo.pl\/index.php?rest_route=\/wp\/v2\/posts\/782","targetHints":{"allow":["GET"]}}],"collection":[{"href":"https:\/\/ostatnigasiswiatlo.pl\/index.php?rest_route=\/wp\/v2\/posts"}],"about":[{"href":"https:\/\/ostatnigasiswiatlo.pl\/index.php?rest_route=\/wp\/v2\/types\/post"}],"author":[{"embeddable":true,"href":"https:\/\/ostatnigasiswiatlo.pl\/index.php?rest_route=\/wp\/v2\/users\/2"}],"replies":[{"embeddable":true,"href":"https:\/\/ostatnigasiswiatlo.pl\/index.php?rest_route=%2Fwp%2Fv2%2Fcomments&post=782"}],"version-history":[{"count":3,"href":"https:\/\/ostatnigasiswiatlo.pl\/index.php?rest_route=\/wp\/v2\/posts\/782\/revisions"}],"predecessor-version":[{"id":786,"href":"https:\/\/ostatnigasiswiatlo.pl\/index.php?rest_route=\/wp\/v2\/posts\/782\/revisions\/786"}],"wp:featuredmedia":[{"embeddable":true,"href":"https:\/\/ostatnigasiswiatlo.pl\/index.php?rest_route=\/wp\/v2\/media\/783"}],"wp:attachment":[{"href":"https:\/\/ostatnigasiswiatlo.pl\/index.php?rest_route=%2Fwp%2Fv2%2Fmedia&parent=782"}],"wp:term":[{"taxonomy":"category","embeddable":true,"href":"https:\/\/ostatnigasiswiatlo.pl\/index.php?rest_route=%2Fwp%2Fv2%2Fcategories&post=782"},{"taxonomy":"post_tag","embeddable":true,"href":"https:\/\/ostatnigasiswiatlo.pl\/index.php?rest_route=%2Fwp%2Fv2%2Ftags&post=782"}],"curies":[{"name":"wp","href":"https:\/\/api.w.org\/{rel}","templated":true}]}}