{"id":792,"date":"2026-03-13T17:00:52","date_gmt":"2026-03-13T19:00:52","guid":{"rendered":"https:\/\/ostatnigasiswiatlo.pl\/?p=792"},"modified":"2026-03-14T06:57:09","modified_gmt":"2026-03-14T08:57:09","slug":"kosciol-w-trzesaczu-gotycka-swiatynia-pochlonieta-przez-baltyk","status":"publish","type":"post","link":"https:\/\/ostatnigasiswiatlo.pl\/?p=792","title":{"rendered":"Ko\u015bci\u00f3\u0142 w Trz\u0119saczu: gotycka \u015bwi\u0105tynia poch\u0142oni\u0119ta przez Ba\u0142tyk"},"content":{"rendered":"<p><strong>Na malowniczym klifie w Trz\u0119saczu, na Pomorzu Zachodnim, od wiek\u00f3w rozgrywa si\u0119 dramat. To tutaj, na kraw\u0119dzi l\u0105du i morza, stoj\u0105 ostatnie fragmenty gotyckiego ko\u015bcio\u0142a, kt\u00f3ry sta\u0142 si\u0119 symbolem nieustannej walki cz\u0142owieka z pot\u0119g\u0105 natury. Poznajcie histori\u0119 ko\u015bcio\u0142a w Trz\u0119saczu \u2013 opowie\u015b\u0107 o dumie, wierze i nieuchronnym przeznaczeniu, kt\u00f3re przyci\u0105ga turyst\u00f3w i inspiruje legendy.<\/strong><\/p>\n<h2>Z serca wsi na skraj przepa\u015bci<\/h2>\n<p>Historia ko\u015bcio\u0142a pod wezwaniem \u015bw. Miko\u0142aja si\u0119ga XII wieku, kiedy to z inicjatywy biskupa Ottona z Bambergu wzniesiono pierwsz\u0105, drewnian\u0105 \u015bwi\u0105tyni\u0119. W XIV i XV wieku na jej miejscu stan\u0105\u0142 murowany, gotycki ko\u015bci\u00f3\u0142, duma lokalnej spo\u0142eczno\u015bci. W tamtych czasach nikt nie przypuszcza\u0142, \u017ce pot\u0119\u017cne mury \u015bwi\u0105tyni, wzniesionej w bezpiecznej odleg\u0142o\u015bci blisko dw\u00f3ch kilometr\u00f3w od brzegu Ba\u0142tyku, kiedykolwiek znajd\u0105 si\u0119 w \u015bmiertelnym u\u015bcisku fal.<\/p>\n<p>Ko\u015bci\u00f3\u0142, pocz\u0105tkowo katolicki, po reformacji w 1534 roku sta\u0142 si\u0119 \u015bwi\u0105tyni\u0105 ewangelick\u0105. Przez wieki s\u0142u\u017cy\u0142 wiernym, a jego wn\u0119trze wzbogaca\u0142o si\u0119 o cenne renesansowe i barokowe elementy \u2013 o\u0142tarze, stalle, ambon\u0119. Jednak morze nie sta\u0142o w miejscu. Proces abrazji, czyli niszczenia brzegu przez fale, nieustannie zbli\u017ca\u0142 klif do mur\u00f3w ko\u015bcio\u0142a.<\/p>\n<h2>Chronologia zniszczenia: Ba\u0142tyk upomina si\u0119 o swoje<\/h2>\n<p>Walka z \u017cywio\u0142em by\u0142a z g\u00f3ry przegrana. Ju\u017c w po\u0142owie XVIII wieku odleg\u0142o\u015b\u0107 od klifu wynosi\u0142a zaledwie 58 metr\u00f3w. Mimo pr\u00f3b zabezpieczania brzegu, morze post\u0119powa\u0142o nieub\u0142aganie:<\/p>\n<ul>\n<li><strong>1750:<\/strong> 58 metr\u00f3w do klifu.<\/li>\n<li><strong>1806:<\/strong> 14,5 metra.<\/li>\n<li><strong>1868:<\/strong> Zaledwie 1 metr.<\/li>\n<\/ul>\n<p>W obliczu nieuchronnego zagro\u017cenia, 2 marca 1874 roku w ko\u015bciele odby\u0142o si\u0119 ostatnie nabo\u017ce\u0144stwo. Kilka miesi\u0119cy p\u00f3\u017aniej, 2 sierpnia, \u015bwi\u0105tynia zosta\u0142a oficjalnie zamkni\u0119ta. Najcenniejsze elementy wyposa\u017cenia przeniesiono do innych ko\u015bcio\u0142\u00f3w, m.in. do katedry w Kamieniu Pomorskim i nowego ko\u015bcio\u0142a w Trz\u0119saczu, a tak\u017ce do muze\u00f3w w Szczecinie i Berlinie.<\/p>\n<p>Morze nie czeka\u0142o d\u0142ugo. W nocy z 8 na 9 marca 1901 roku run\u0119\u0142a pierwsza, p\u00f3\u0142nocna \u015bciana ko\u015bcio\u0142a. Przez kolejne dekady Ba\u0142tyk zabiera\u0142 kolejne fragmenty:<\/p>\n<ul>\n<li><strong>1901:<\/strong> P\u00f3\u0142nocna \u015bciana i cz\u0119\u015b\u0107 prezbiterium.<\/li>\n<li><strong>1917:<\/strong> Wschodni portal.<\/li>\n<li><strong>1930:<\/strong> Pozosta\u0142a ju\u017c tylko \u015bciana po\u0142udniowa.<\/li>\n<li><strong>1 lutego 1994:<\/strong> Podczas sztormu run\u0119\u0142a po\u0142owa ostatniej, po\u0142udniowej \u015bciany.<\/li>\n<\/ul>\n<h2>Legenda o Zielenicy: Gniew morskiego w\u0142adcy<\/h2>\n<p>Jak to cz\u0119sto bywa, ludzie pr\u00f3bowali oswoi\u0107 pot\u0119g\u0119 natury poprzez legendy. Najs\u0142ynniejsza z nich to opowie\u015b\u0107 o Zielenicy, morskiej bogini (lub syrenie), kt\u00f3r\u0105 przypadkiem wy\u0142owili lokalni rybacy. Miejscowy proboszcz, wbrew woli rybak\u00f3w, postanowi\u0142 ochrzci\u0107 Zielenic\u0119. Niestety, odci\u0119ta od swojego \u017cywio\u0142u, zmar\u0142a z t\u0119sknoty za morzem i zosta\u0142a pochowana na przyko\u015bcielnym cmentarzu.<\/p>\n<p>Jej ojciec, w\u0142adca Ba\u0142tyku \u2013 Pluskon, wpad\u0142 w gniew. Poprzysi\u0105g\u0142, \u017ce nie spocznie, dop\u00f3ki nie odbierze cia\u0142a c\u00f3rki. I tak, przez wieki, fale morskie niestrudzenie bi\u0142y o brzeg, zabieraj\u0105c cmentarz, a w ko\u0144cu i sam ko\u015bci\u00f3\u0142, by wype\u0142ni\u0107 wol\u0119 morskiego boga.<\/p>\n<h2>Ruiny, kt\u00f3re \u017cyj\u0105: Symbol i atrakcja turystyczna<\/h2>\n<p>Dzi\u015b jedynym ocala\u0142ym fragmentem \u015bwi\u0105tyni jest niewielka cz\u0119\u015b\u0107 po\u0142udniowej \u015bciany. Po ostatnim wielkim osuni\u0119ciu w 1994 roku, podj\u0119to zakrojone na szerok\u0105 skal\u0119 prace, aby zabezpieczy\u0107 to, co pozosta\u0142o. Wzniesiono specjaln\u0105 opask\u0119 u podstawy klifu i wzmocniono fundamenty ruin.<\/p>\n<p>Ostatni fragment muru, dumnie wznosz\u0105cy si\u0119 nad pla\u017c\u0105, sta\u0142 si\u0119 jedn\u0105 z najwi\u0119kszych atrakcji turystycznych Pomorza Zachodniego i symbolem rozpoznawalnym w ca\u0142ej Europie. Tury\u015bci mog\u0105 podziwia\u0107 ruiny z platformy widokowej lub z pla\u017cy, kontempluj\u0105c si\u0142\u0119 natury i nietrwa\u0142o\u015b\u0107 ludzkich dzie\u0142. Histori\u0119 ko\u015bcio\u0142a i proces abrazji mo\u017cna szczeg\u00f3\u0142owo pozna\u0107 w pobliskim <a href=\"https:\/\/www.muzeon.pl\/\" target=\"_blank\" rel=\"noopener\">Multimedialnym Muzeum na Klifie<\/a>.<\/p>\n<p>Historia ko\u015bcio\u0142a w Trz\u0119saczu to gotowy scenariusz na film \u2013 opowie\u015b\u0107 o pot\u0119dze morza, ludzkiej bezsilno\u015bci i pr\u00f3bie ocalenia dziedzictwa. To miejsce, kt\u00f3re sk\u0142ania do refleksji i na d\u0142ugo pozostaje w pami\u0119ci.<\/p>\n","protected":false},"excerpt":{"rendered":"<p>Na malowniczym klifie w Trz\u0119saczu, na Pomorzu Zachodnim, od wiek\u00f3w rozgrywa si\u0119 dramat. To tutaj, na kraw\u0119dzi l\u0105du i morza, stoj\u0105 ostatnie fragmenty gotyckiego ko\u015bcio\u0142a, kt\u00f3ry sta\u0142 si\u0119 symbolem nieustannej walki cz\u0142owieka z pot\u0119g\u0105 natury. Poznajcie histori\u0119 ko\u015bcio\u0142a w Trz\u0119saczu \u2013 opowie\u015b\u0107 o dumie, wierze i nieuchronnym przeznaczeniu, kt\u00f3re przyci\u0105ga turyst\u00f3w i inspiruje legendy. Z [&hellip;]<\/p>\n","protected":false},"author":2,"featured_media":793,"comment_status":"open","ping_status":"closed","sticky":false,"template":"","format":"standard","meta":{"two_page_speed":[],"footnotes":"","_links_to":"","_links_to_target":""},"categories":[10],"tags":[],"class_list":["post-792","post","type-post","status-publish","format-standard","has-post-thumbnail","hentry","category-historia"],"_links":{"self":[{"href":"https:\/\/ostatnigasiswiatlo.pl\/index.php?rest_route=\/wp\/v2\/posts\/792","targetHints":{"allow":["GET"]}}],"collection":[{"href":"https:\/\/ostatnigasiswiatlo.pl\/index.php?rest_route=\/wp\/v2\/posts"}],"about":[{"href":"https:\/\/ostatnigasiswiatlo.pl\/index.php?rest_route=\/wp\/v2\/types\/post"}],"author":[{"embeddable":true,"href":"https:\/\/ostatnigasiswiatlo.pl\/index.php?rest_route=\/wp\/v2\/users\/2"}],"replies":[{"embeddable":true,"href":"https:\/\/ostatnigasiswiatlo.pl\/index.php?rest_route=%2Fwp%2Fv2%2Fcomments&post=792"}],"version-history":[{"count":2,"href":"https:\/\/ostatnigasiswiatlo.pl\/index.php?rest_route=\/wp\/v2\/posts\/792\/revisions"}],"predecessor-version":[{"id":798,"href":"https:\/\/ostatnigasiswiatlo.pl\/index.php?rest_route=\/wp\/v2\/posts\/792\/revisions\/798"}],"wp:featuredmedia":[{"embeddable":true,"href":"https:\/\/ostatnigasiswiatlo.pl\/index.php?rest_route=\/wp\/v2\/media\/793"}],"wp:attachment":[{"href":"https:\/\/ostatnigasiswiatlo.pl\/index.php?rest_route=%2Fwp%2Fv2%2Fmedia&parent=792"}],"wp:term":[{"taxonomy":"category","embeddable":true,"href":"https:\/\/ostatnigasiswiatlo.pl\/index.php?rest_route=%2Fwp%2Fv2%2Fcategories&post=792"},{"taxonomy":"post_tag","embeddable":true,"href":"https:\/\/ostatnigasiswiatlo.pl\/index.php?rest_route=%2Fwp%2Fv2%2Ftags&post=792"}],"curies":[{"name":"wp","href":"https:\/\/api.w.org\/{rel}","templated":true}]}}