{"id":82,"date":"2024-09-22T16:27:00","date_gmt":"2024-09-22T16:27:00","guid":{"rendered":"https:\/\/ostatnigasiswiatlo.pl\/?p=82"},"modified":"2024-09-22T16:28:03","modified_gmt":"2024-09-22T16:28:03","slug":"glos-szczecinski-o-pikniku-historycznym-w-gryfinie","status":"publish","type":"post","link":"https:\/\/ostatnigasiswiatlo.pl\/?p=82","title":{"rendered":"G\u0142os Szczeci\u0144ski o pikniku historycznym w Gryfinie"},"content":{"rendered":"<div id=\"attachment_83\" style=\"width: 310px\" class=\"wp-caption alignleft\"><a href=\"https:\/\/ostatnigasiswiatlo.pl\/wp-content\/uploads\/2024\/09\/gs1.jpg\"><img loading=\"lazy\" decoding=\"async\" aria-describedby=\"caption-attachment-83\" class=\"size-medium wp-image-83\" src=\"https:\/\/ostatnigasiswiatlo.pl\/wp-content\/uploads\/2024\/09\/gs1-300x249.jpg\" alt=\"foto: G\u0142os Szczeci\u0144ski\" width=\"300\" height=\"249\" srcset=\"https:\/\/ostatnigasiswiatlo.pl\/wp-content\/uploads\/2024\/09\/gs1-300x249.jpg 300w, https:\/\/ostatnigasiswiatlo.pl\/wp-content\/uploads\/2024\/09\/gs1-1024x851.jpg 1024w, https:\/\/ostatnigasiswiatlo.pl\/wp-content\/uploads\/2024\/09\/gs1-768x638.jpg 768w, https:\/\/ostatnigasiswiatlo.pl\/wp-content\/uploads\/2024\/09\/gs1.jpg 1242w\" sizes=\"auto, (max-width: 300px) 100vw, 300px\" \/><\/a><p id=\"caption-attachment-83\" class=\"wp-caption-text\">foto: G\u0142os Szczeci\u0144ski<\/p><\/div>\n<p>Przez dwa dni w Gryfinie odbywa\u0142 si\u0119 piknik historyczny &#8222;W locie szumi\u0105 spadochrony&#8221;. Jego organizatorzy upami\u0119tnili 80. rocznic\u0119 operacji Market-Garden, w kt\u00f3rej brali udzia\u0142 polscy \u017co\u0142nierze.<\/p>\n","protected":false},"excerpt":{"rendered":"<p>Przez dwa dni w Gryfinie odbywa\u0142 si\u0119 piknik historyczny &#8222;W locie szumi\u0105 spadochrony&#8221;. Jego organizatorzy upami\u0119tnili 80. rocznic\u0119 operacji Market-Garden, w kt\u00f3rej brali udzia\u0142 polscy \u017co\u0142nierze.<\/p>\n","protected":false},"author":1,"featured_media":83,"comment_status":"open","ping_status":"closed","sticky":false,"template":"","format":"standard","meta":{"two_page_speed":[],"footnotes":"","_links_to":"","_links_to_target":""},"categories":[21],"tags":[23,24,22],"class_list":["post-82","post","type-post","status-publish","format-standard","has-post-thumbnail","hentry","category-glos-szczecinski","tag-glos-szczecinski","tag-news","tag-przeglad-prasy"],"_links":{"self":[{"href":"https:\/\/ostatnigasiswiatlo.pl\/index.php?rest_route=\/wp\/v2\/posts\/82","targetHints":{"allow":["GET"]}}],"collection":[{"href":"https:\/\/ostatnigasiswiatlo.pl\/index.php?rest_route=\/wp\/v2\/posts"}],"about":[{"href":"https:\/\/ostatnigasiswiatlo.pl\/index.php?rest_route=\/wp\/v2\/types\/post"}],"author":[{"embeddable":true,"href":"https:\/\/ostatnigasiswiatlo.pl\/index.php?rest_route=\/wp\/v2\/users\/1"}],"replies":[{"embeddable":true,"href":"https:\/\/ostatnigasiswiatlo.pl\/index.php?rest_route=%2Fwp%2Fv2%2Fcomments&post=82"}],"version-history":[{"count":3,"href":"https:\/\/ostatnigasiswiatlo.pl\/index.php?rest_route=\/wp\/v2\/posts\/82\/revisions"}],"predecessor-version":[{"id":86,"href":"https:\/\/ostatnigasiswiatlo.pl\/index.php?rest_route=\/wp\/v2\/posts\/82\/revisions\/86"}],"wp:featuredmedia":[{"embeddable":true,"href":"https:\/\/ostatnigasiswiatlo.pl\/index.php?rest_route=\/wp\/v2\/media\/83"}],"wp:attachment":[{"href":"https:\/\/ostatnigasiswiatlo.pl\/index.php?rest_route=%2Fwp%2Fv2%2Fmedia&parent=82"}],"wp:term":[{"taxonomy":"category","embeddable":true,"href":"https:\/\/ostatnigasiswiatlo.pl\/index.php?rest_route=%2Fwp%2Fv2%2Fcategories&post=82"},{"taxonomy":"post_tag","embeddable":true,"href":"https:\/\/ostatnigasiswiatlo.pl\/index.php?rest_route=%2Fwp%2Fv2%2Ftags&post=82"}],"curies":[{"name":"wp","href":"https:\/\/api.w.org\/{rel}","templated":true}]}}