{"id":983,"date":"2026-04-26T05:34:10","date_gmt":"2026-04-26T07:34:10","guid":{"rendered":"https:\/\/ostatnigasiswiatlo.pl\/?p=983"},"modified":"2026-04-26T05:45:37","modified_gmt":"2026-04-26T07:45:37","slug":"kapieliska-szczecina-2026-rusza-nowy-sezon-letni-nad-woda","status":"publish","type":"post","link":"https:\/\/ostatnigasiswiatlo.pl\/?p=983","title":{"rendered":"K\u0105pieliska Szczecina 2026: rusza nowy sezon letni nad wod\u0105"},"content":{"rendered":"<p>Zbli\u017caj\u0105ce si\u0119 lato to tradycyjnie czas, w kt\u00f3rym mieszka\u0144cy Szczecina i tury\u015bci z niecierpliwo\u015bci\u0105 wyczekuj\u0105 otwarcia miejskich k\u0105pielisk. W 2026 roku, podobnie jak w latach ubieg\u0142ych, miasto przygotowuje swoje najpopularniejsze obiekty, aby zapewni\u0107 bezpieczny i komfortowy wypoczynek nad wod\u0105. Oto kompleksowy przegl\u0105d tego, czego mo\u017cemy si\u0119 spodziewa\u0107 w nadchodz\u0105cym sezonie.<\/p>\n<h2>Oficjalne k\u0105pieliska w Szczecinie<\/h2>\n<p>Szczecin oferuje cztery g\u0142\u00f3wne, strze\u017cone k\u0105pieliska miejskie, kt\u00f3re stanowi\u0105 centrum letniego wypoczynku:<\/p>\n<ol>\n<li><strong>Arkonka (Kompleks Rekreacyjny):<\/strong> Nazywana &#8222;Szczeci\u0144sk\u0105 Majork\u0105&#8221;, jest to najwi\u0119kszy i najnowocze\u015bniejszy obiekt tego typu w mie\u015bcie.<\/li>\n<li><strong>K\u0105pielisko G\u0142\u0119bokie:<\/strong> Po\u0142o\u017cone nad malowniczym Jeziorem G\u0142\u0119bokim, w otoczeniu Puszczy Wkrza\u0144skiej.<\/li>\n<li><strong>K\u0105pielisko D\u0105bie:<\/strong> Zlokalizowane nad jeziorem D\u0105bie, zmodernizowane w ostatnich latach.<\/li>\n<li><strong>K\u0105pielisko Dziewoklicz:<\/strong> Usytuowane w zacisznej cz\u0119\u015bci miasta, nad kana\u0142em Odry.<\/li>\n<\/ol>\n<p>Sezon k\u0105pielowy dla wi\u0119kszo\u015bci obiekt\u00f3w (G\u0142\u0119bokie, D\u0105bie, Dziewoklicz) rozpocznie si\u0119 w po\u0142owie czerwca i potrwa do ko\u0144ca sierpnia 2026 r. Wyj\u0105tkiem jest Arkonka, kt\u00f3ra tradycyjnie otwiera swoje bramy ju\u017c 1 czerwca.<\/p>\n<h2>Przygotowania i nowo\u015bci na sezon 2026<\/h2>\n<p>Na progu nowego sezonu, na wszystkich obiektach trwaj\u0105 intensywne prace przygotowawcze.<\/p>\n<ul>\n<li><strong>Na Arkonce<\/strong> przeprowadzono niezb\u0119dne prace konserwacyjne. Obejmuj\u0105 one czyszczenie niecek basenowych, przegl\u0105d techniczny wszystkich urz\u0105dze\u0144 oraz, co istotne, renowacj\u0119 dw\u00f3ch popularnych zje\u017cd\u017calni i wymian\u0119 kratek wok\u00f3\u0142 basen\u00f3w.<\/li>\n<li><strong>Na Dziewokliczu<\/strong> nowo\u015bci\u0105, kt\u00f3ra z pewno\u015bci\u0105 ucieszy najm\u0142odszych, jest nowy zestaw zabawowy w kszta\u0142cie statku.<\/li>\n<li><strong>K\u0105pielisko D\u0105bie<\/strong>, kt\u00f3re przesz\u0142o gruntown\u0105 modernizacj\u0119 kilka lat temu, wkracza w sezon z nowoczesn\u0105 i sprawdzon\u0105 infrastruktur\u0105.<\/li>\n<\/ul>\n<h2>Jako\u015b\u0107 wody i bezpiecze\u0144stwo<\/h2>\n<p>Bezpiecze\u0144stwo i jako\u015b\u0107 wody to priorytety dla organizator\u00f3w.<\/p>\n<ul>\n<li><strong>Nadz\u00f3r:<\/strong> Nad jako\u015bci\u0105 wody w k\u0105pieliskach czuwa G\u0142\u00f3wny Inspektorat Sanitarny, a wyniki bada\u0144 s\u0105 publicznie dost\u0119pne w &#8222;Serwisie K\u0105pieliskowym&#8221;.<\/li>\n<li><strong>K\u0105pielisko G\u0142\u0119bokie:<\/strong> Mo\u017ce poszczyci\u0107 si\u0119 sta\u0142\u0105, &#8222;doskona\u0142\u0105&#8221; klasyfikacj\u0105 jako\u015bci wody w ostatnich latach.<\/li>\n<li><strong>K\u0105pielisko Dziewoklicz:<\/strong> R\u00f3wnie\u017c posiada klasyfikacj\u0119 &#8222;doskona\u0142\u0105&#8221;, cho\u0107 w przesz\u0142o\u015bci zdarza\u0142y si\u0119 tam okresowe, kr\u00f3tkotrwa\u0142e zamkni\u0119cia z powodu zakwitu sinic. Sytuacja jest na bie\u017c\u0105co monitorowana.<\/li>\n<li><strong>Ratownicy:<\/strong> Nad bezpiecze\u0144stwem k\u0105pi\u0105cych si\u0119 na wszystkich oficjalnych k\u0105pieliskach przez ca\u0142y sezon, w wyznaczonych godzinach, czuwa\u0107 b\u0119d\u0105 wykwalifikowani ratownicy WOPR.<\/li>\n<\/ul>\n<h2>Infrastruktura i udogodnienia<\/h2>\n<p>Szczeci\u0144skie k\u0105pieliska oferuj\u0105 szeroki zakres udogodnie\u0144:<\/p>\n<table>\n<thead>\n<tr>\n<th style=\"text-align: left;\">K\u0105pielisko<\/th>\n<th style=\"text-align: left;\">Kluczowe Udogodnienia<\/th>\n<\/tr>\n<\/thead>\n<tbody>\n<tr>\n<td style=\"text-align: left;\"><strong>Arkonka<\/strong><\/td>\n<td style=\"text-align: left;\">Kompleks basen\u00f3w (sportowy, rekreacyjny, rw\u0105ca rzeka), zje\u017cd\u017calnie, korty tenisowe i do badmintona, skatepark, si\u0142ownia, place zabaw, sztuczna pla\u017ca.<\/td>\n<\/tr>\n<tr>\n<td style=\"text-align: left;\"><strong>G\u0142\u0119bokie<\/strong><\/td>\n<td style=\"text-align: left;\">Du\u017ca piaszczysta pla\u017ca, pomost, plac zabaw, boisko do siatk\u00f3wki, punkty gastronomiczne, wypo\u017cyczalnia sprz\u0119tu wodnego.<\/td>\n<\/tr>\n<tr>\n<td style=\"text-align: left;\"><strong>D\u0105bie<\/strong><\/td>\n<td style=\"text-align: left;\">Nowoczesna promenada, place zabaw, boiska do siatk\u00f3wki pla\u017cowej, miejsca do grillowania, altany piknikowe.<\/td>\n<\/tr>\n<tr>\n<td style=\"text-align: left;\"><strong>Dziewoklicz<\/strong><\/td>\n<td style=\"text-align: left;\">Piaszczysta i trawiasta pla\u017ca, miejsca do grillowania, boisko, nowy plac zabaw &#8222;statek&#8221;, dogodne miejsce dla w\u0119dkarzy.<\/td>\n<\/tr>\n<\/tbody>\n<\/table>\n<p>Wszystkie obiekty wyposa\u017cone s\u0105 w sanitariaty, przebieralnie oraz punkty gastronomiczne.<\/p>\n<h2>Dost\u0119pno\u015b\u0107 i komunikacja publiczna<\/h2>\n<p>Dojazd do k\u0105pielisk jest mo\u017cliwy zar\u00f3wno transportem publicznym, jak i samochodem.<\/p>\n<ul>\n<li><strong>Arkonka:<\/strong> Dogodny dojazd tramwajami (linie 2, 3, 4, 10) i autobusami (80, 525). Dost\u0119pny jest p\u0142atny parking na oko\u0142o 200 pojazd\u00f3w.<\/li>\n<li><strong>G\u0142\u0119bokie, D\u0105bie, Dziewoklicz:<\/strong> Do wszystkich tych k\u0105pielisk mo\u017cna dotrze\u0107 autobusami komunikacji miejskiej. W pobli\u017cu znajduj\u0105 si\u0119 parkingi, jednak w szczycie sezonu ich pojemno\u015b\u0107 mo\u017ce by\u0107 ograniczona.<\/li>\n<\/ul>\n<h2>Ceny bilet\u00f3w (na podstawie danych z poprzednich sezon\u00f3w)<\/h2>\n<p>Ceny bilet\u00f3w w 2026 roku prawdopodobnie b\u0119d\u0105 zbli\u017cone do tych z lat ubieg\u0142ych. Przyk\u0142adowe ceny z 2024\/2025:<\/p>\n<ul>\n<li><strong>Wst\u0119p bezp\u0142atny:<\/strong> Dzieci do lat 6 oraz osoby niepe\u0142nosprawne z opiekunem.<\/li>\n<li><strong>Bilet ulgowy:<\/strong> 7-13 z\u0142 (uczniowie, studenci, emeryci, renci\u015bci).<\/li>\n<li><strong>Bilet normalny:<\/strong> 14-26 z\u0142.<\/li>\n<li><strong>Karnety:<\/strong> Dost\u0119pne s\u0105 karnety na 10 wej\u015b\u0107, oferuj\u0105ce korzystniejsze ceny.<\/li>\n<\/ul>\n<p>Bilety mo\u017cna kupi\u0107 w kasach na miejscu oraz za po\u015brednictwem aplikacji <strong>Mobilna Karta Miejska Szczecin<\/strong>, co pozwala unikn\u0105\u0107 kolejek.<\/p>\n<h2>Aktywno\u015bci poza p\u0142ywaniem<\/h2>\n<p>K\u0105pieliska to nie tylko p\u0142ywanie. Oferuj\u0105 one szerokie mo\u017cliwo\u015bci rekreacji:<br \/>\n* <strong>Sport:<\/strong> Siatk\u00f3wka pla\u017cowa (D\u0105bie, G\u0142\u0119bokie, Arkonka), tenis i badminton (Arkonka), skatepark (Arkonka).<br \/>\n* <strong>Relaks:<\/strong> Miejsca do grillowania i piknikowania, pla\u017cowanie, hamaki i le\u017caki (Arkonka).<br \/>\n* <strong>Dla dzieci:<\/strong> Nowoczesne place zabaw na wszystkich obiektach.<\/p>\n<h2>Podsumowanie<\/h2>\n<p>Szczeci\u0144skie k\u0105pieliska wkraczaj\u0105 w sezon letni 2026 dobrze przygotowane. Mieszka\u0144cy i tury\u015bci mog\u0105 liczy\u0107 na czyst\u0105 wod\u0119, bezpiecze\u0144stwo zapewniane przez ratownik\u00f3w oraz bogat\u0105 infrastruktur\u0119 rekreacyjn\u0105. Niezale\u017cnie od tego, czy preferujesz nowoczesny kompleks basenowy, czy urokliwe jezioro w lesie, oferta miasta z pewno\u015bci\u0105 sprosta Twoim oczekiwaniom.<\/p>\n","protected":false},"excerpt":{"rendered":"<p>Zbli\u017caj\u0105ce si\u0119 lato to tradycyjnie czas, w kt\u00f3rym mieszka\u0144cy Szczecina i tury\u015bci z niecierpliwo\u015bci\u0105 wyczekuj\u0105 otwarcia miejskich k\u0105pielisk. W 2026 roku, podobnie jak w latach ubieg\u0142ych, miasto przygotowuje swoje najpopularniejsze obiekty, aby zapewni\u0107 bezpieczny i komfortowy wypoczynek nad wod\u0105. Oto kompleksowy przegl\u0105d tego, czego mo\u017cemy si\u0119 spodziewa\u0107 w nadchodz\u0105cym sezonie. Oficjalne k\u0105pieliska w Szczecinie Szczecin [&hellip;]<\/p>\n","protected":false},"author":2,"featured_media":984,"comment_status":"open","ping_status":"closed","sticky":false,"template":"","format":"standard","meta":{"two_page_speed":[],"footnotes":"","_links_to":"","_links_to_target":""},"categories":[116],"tags":[],"class_list":["post-983","post","type-post","status-publish","format-standard","has-post-thumbnail","hentry","category-miasto-i-ludzie"],"_links":{"self":[{"href":"https:\/\/ostatnigasiswiatlo.pl\/index.php?rest_route=\/wp\/v2\/posts\/983","targetHints":{"allow":["GET"]}}],"collection":[{"href":"https:\/\/ostatnigasiswiatlo.pl\/index.php?rest_route=\/wp\/v2\/posts"}],"about":[{"href":"https:\/\/ostatnigasiswiatlo.pl\/index.php?rest_route=\/wp\/v2\/types\/post"}],"author":[{"embeddable":true,"href":"https:\/\/ostatnigasiswiatlo.pl\/index.php?rest_route=\/wp\/v2\/users\/2"}],"replies":[{"embeddable":true,"href":"https:\/\/ostatnigasiswiatlo.pl\/index.php?rest_route=%2Fwp%2Fv2%2Fcomments&post=983"}],"version-history":[{"count":3,"href":"https:\/\/ostatnigasiswiatlo.pl\/index.php?rest_route=\/wp\/v2\/posts\/983\/revisions"}],"predecessor-version":[{"id":987,"href":"https:\/\/ostatnigasiswiatlo.pl\/index.php?rest_route=\/wp\/v2\/posts\/983\/revisions\/987"}],"wp:featuredmedia":[{"embeddable":true,"href":"https:\/\/ostatnigasiswiatlo.pl\/index.php?rest_route=\/wp\/v2\/media\/984"}],"wp:attachment":[{"href":"https:\/\/ostatnigasiswiatlo.pl\/index.php?rest_route=%2Fwp%2Fv2%2Fmedia&parent=983"}],"wp:term":[{"taxonomy":"category","embeddable":true,"href":"https:\/\/ostatnigasiswiatlo.pl\/index.php?rest_route=%2Fwp%2Fv2%2Fcategories&post=983"},{"taxonomy":"post_tag","embeddable":true,"href":"https:\/\/ostatnigasiswiatlo.pl\/index.php?rest_route=%2Fwp%2Fv2%2Ftags&post=983"}],"curies":[{"name":"wp","href":"https:\/\/api.w.org\/{rel}","templated":true}]}}